{"id":844,"date":"2023-02-12T18:04:23","date_gmt":"2023-02-12T17:04:23","guid":{"rendered":"https:\/\/reflejarte.es\/umdenken\/TrudlWohlfeil\/?p=844"},"modified":"2023-02-12T18:11:41","modified_gmt":"2023-02-12T17:11:41","slug":"offener-brief-von-mir-fuer-den-frieden","status":"publish","type":"post","link":"https:\/\/reflejarte.es\/umdenken\/TrudlWohlfeil\/offener-brief-von-mir-fuer-den-frieden\/","title":{"rendered":"Offener Brief von MIR f\u00fcr den Frieden"},"content":{"rendered":"<h1 style=\"text-align: center;\">\u00a0 MIR:\u00a0 Ein Offener Brief f\u00fcr den Frieden<\/h1>\n<p>&nbsp;<\/p>\n<p>Geehrter Herr Staatspr\u00e4sident Putin, lieber Wladimir!<\/p>\n<p>Ein drittes Mal m\u00f6chte ich versuchen, Ihnen als Mensch und K\u00fcnstlerin nahezukommen.<br \/>\nEine einzige Bitte m\u00f6chte ich \u00e4u\u00dfern:<\/p>\n<p>Sie als Kommandant \u00fcber die gesamte russische Milit\u00e4rmacht sind in der Lage, den Kriegsapparat zu stoppen und die sofortige Waffenruhe in die Wege zu leiten.<\/p>\n<p>Rufen Sie auf zu Einigkeit der gesamten Welt und Sie werden sehen:<br \/>\nsobald Sie die Waffen niederlegen und sich zusammen mit der Ukraine an einen Tisch zu Besprechungen ohne Sieger und Besiegte setzen, sobald Sie der Ukraine ihr Territorium nicht streitig machen und sie als neutral existierenden, selbst\u00e4ndigen Staat anerkennen, wird auch Ihr Leben wieder lebbar. \u00dcber-lebbar.<\/p>\n<p>Glauben Sie mir: das immer gr\u00f6\u00dfer werdende russische Reich ist f\u00fcr Sie keine Option. Die Russen m\u00f6chten nur Russen bleiben, die Ukrainer Ukrainer und die Europ\u00e4er Europ\u00e4er, wobei alle an einem gemeinsamem politischen Tisch sitzen wollen.<\/p>\n<p>Ich bitte Sie darum im Namen der V\u00f6lker: geben Sie den richtigen Befehl an Ihre Truppen! Sie werden es Ihnen ein Leben lang danken. Es lohnt sich f\u00fcr Sie und f\u00fcr Russland, denn alle werden Ihren Befehl feiern und unterst\u00fctzen.<\/p>\n<p>Alle wollen Frieden. MIR steht und stand schon immer daf\u00fcr!<\/p>\n<p>Das w\u00fcnsche ich Ihnen und MIR.<\/p>\n<p style=\"text-align: right;\">Trudl Wohlfeil, 12.2.2023<\/p>\n","protected":false},"excerpt":{"rendered":"<p>\u00a0 MIR:\u00a0 Ein Offener Brief f\u00fcr den Frieden &nbsp; Geehrter Herr Staatspr\u00e4sident Putin, lieber Wladimir! Ein drittes Mal m\u00f6chte ich versuchen, Ihnen als Mensch und K\u00fcnstlerin nahezukommen. Eine einzige Bitte m\u00f6chte ich \u00e4u\u00dfern: Sie als Kommandant \u00fcber die gesamte russische Milit\u00e4rmacht sind in der Lage, den Kriegsapparat zu stoppen und die sofortige Waffenruhe in die Wege zu leiten. Rufen Sie auf zu Einigkeit der gesamten Welt und Sie werden sehen: sobald Sie die Waffen niederlegen und sich zusammen mit der Ukraine an einen Tisch zu Besprechungen ohne Sieger und Besiegte setzen, sobald Sie der Ukraine ihr Territorium nicht streitig machen\u2026<\/p>\n<p> <a class=\"continue-reading-link\" href=\"https:\/\/reflejarte.es\/umdenken\/TrudlWohlfeil\/offener-brief-von-mir-fuer-den-frieden\/\"><span>[ &#8230; mehr ]<\/span><i class=\"crycon-right-dir\"><\/i><\/a> <\/p>\n","protected":false},"author":2,"featured_media":0,"comment_status":"closed","ping_status":"closed","sticky":false,"template":"","format":"standard","meta":{"footnotes":""},"categories":[3,65],"tags":[80,81],"class_list":["post-844","post","type-post","status-publish","format-standard","hentry","category-aktion","category-trudls-werkstatt","tag-frieden","tag-ukraine"],"_links":{"self":[{"href":"https:\/\/reflejarte.es\/umdenken\/TrudlWohlfeil\/wp-json\/wp\/v2\/posts\/844","targetHints":{"allow":["GET"]}}],"collection":[{"href":"https:\/\/reflejarte.es\/umdenken\/TrudlWohlfeil\/wp-json\/wp\/v2\/posts"}],"about":[{"href":"https:\/\/reflejarte.es\/umdenken\/TrudlWohlfeil\/wp-json\/wp\/v2\/types\/post"}],"author":[{"embeddable":true,"href":"https:\/\/reflejarte.es\/umdenken\/TrudlWohlfeil\/wp-json\/wp\/v2\/users\/2"}],"replies":[{"embeddable":true,"href":"https:\/\/reflejarte.es\/umdenken\/TrudlWohlfeil\/wp-json\/wp\/v2\/comments?post=844"}],"version-history":[{"count":4,"href":"https:\/\/reflejarte.es\/umdenken\/TrudlWohlfeil\/wp-json\/wp\/v2\/posts\/844\/revisions"}],"predecessor-version":[{"id":848,"href":"https:\/\/reflejarte.es\/umdenken\/TrudlWohlfeil\/wp-json\/wp\/v2\/posts\/844\/revisions\/848"}],"wp:attachment":[{"href":"https:\/\/reflejarte.es\/umdenken\/TrudlWohlfeil\/wp-json\/wp\/v2\/media?parent=844"}],"wp:term":[{"taxonomy":"category","embeddable":true,"href":"https:\/\/reflejarte.es\/umdenken\/TrudlWohlfeil\/wp-json\/wp\/v2\/categories?post=844"},{"taxonomy":"post_tag","embeddable":true,"href":"https:\/\/reflejarte.es\/umdenken\/TrudlWohlfeil\/wp-json\/wp\/v2\/tags?post=844"}],"curies":[{"name":"wp","href":"https:\/\/api.w.org\/{rel}","templated":true}]}}