{"id":104,"date":"2015-09-15T00:05:19","date_gmt":"2015-09-14T22:05:19","guid":{"rendered":"http:\/\/trudl-umdenken.eu\/TrudlWohlfeil\/?p=104"},"modified":"2022-03-06T10:20:34","modified_gmt":"2022-03-06T09:20:34","slug":"der-fluechtlingsstrom","status":"publish","type":"post","link":"https:\/\/reflejarte.es\/umdenken\/TrudlWohlfeil\/der-fluechtlingsstrom\/","title":{"rendered":"Der Fl\u00fcchtlingsstrom. Gedanken zum Thema. Spendenaktion."},"content":{"rendered":"<p><a href=\"https:\/\/reflejarte.es\/umdenken\/TrudlWohlfeil\/wp-content\/uploads\/2020\/10\/reisen2010-fluechtlingsstrom-trudlWohlfeil-1.jpg\"><img loading=\"lazy\" decoding=\"async\" class=\"size-full wp-image-645 aligncenter\" src=\"https:\/\/reflejarte.es\/umdenken\/TrudlWohlfeil\/wp-content\/uploads\/2020\/10\/reisen2010-fluechtlingsstrom-trudlWohlfeil-1.jpg\" alt=\"Reisen 2010- Der Fl\u00fcchtlingsstrom - Trudl Wohlfeil\" width=\"640\" height=\"480\" srcset=\"https:\/\/reflejarte.es\/umdenken\/TrudlWohlfeil\/wp-content\/uploads\/2020\/10\/reisen2010-fluechtlingsstrom-trudlWohlfeil-1.jpg 640w, https:\/\/reflejarte.es\/umdenken\/TrudlWohlfeil\/wp-content\/uploads\/2020\/10\/reisen2010-fluechtlingsstrom-trudlWohlfeil-1-300x225.jpg 300w, https:\/\/reflejarte.es\/umdenken\/TrudlWohlfeil\/wp-content\/uploads\/2020\/10\/reisen2010-fluechtlingsstrom-trudlWohlfeil-1-150x113.jpg 150w\" sizes=\"auto, (max-width: 640px) 100vw, 640px\" \/><\/a><\/p>\n<p style=\"padding-left: 40px; text-align: center;\">Spendenaktion in Europa am 15.9.2015<\/p>\n<h1 style=\"padding-left: 40px; text-align: center;\"><strong>Der Fl\u00fcchtlingsstrom<\/strong><br \/>\n<strong> Gedanken zum Thema<\/strong><\/h1>\n<p>&nbsp;<\/p>\n<p style=\"padding-left: 60px;\"><br class=\"Apple-interchange-newline\" \/>Der Fl\u00fcchtlingsstrom wird immer gr\u00f6\u00dfer.<br \/>\nDie Kriege, vor denen die Menschen fliehen, scheinen kein Ende zu nehmen.<br \/>\nSie kommen zu uns in Scharen. Ihre Flucht gleicht einer V\u00f6lkerwanderung, die wir nur aus Geschichtsb\u00fcchern kennen.<br \/>\nWas erhoffen die Menschen von uns und den L\u00e4ndern, die sie auserkoren haben, um dort zu leben und neu zu beginnen, oder auch nur zu \u00fcberleben?<\/p>\n<p style=\"padding-left: 60px;\">Es ging uns in den letzten 50 Jahren in Europa sehr gut. In Deutschland leben wir in Frieden, Freiheit und Wohlstand. Das sind die Voraussetzungen, um ein gutes Leben in W\u00fcrde zu genie\u00dfen. Dass dazu auch gro\u00dfe Anstrengungen und Pflichten geh\u00f6ren, wissen wir. Wir haben es gelernt, wir, die wir Krieg und Armut, Obdachlosigkeit und Fluchterlebnisse kennengelernt haben.<\/p>\n<p style=\"padding-left: 60px;\">Durch die globalen digitalen Netzwerke haben inzwischen auch diejenigen Menschen, die heute unter diktatorischen Regimes oder materieller Not leiden, erfahren, wie hoch unsere Lebensqualit\u00e4t ist, wie gro\u00df unser Wohlstand, wie gesund unsere Kinder aufwachsen und leben k\u00f6nnen, und welch gute Ausbildungschancen sie haben. Hier haben die Menschen Arbeit, und Arbeit ist, mit gutem Lohn, auch ein Weg zur Freiheit in allen Bereichen des Lebens.<br \/>\nWenn das Leben durch Unterdr\u00fcckung und Angst, Krieg und Verlust der Existenzgrundlage unertr\u00e4glich wird, bleibt nur noch die Hoffnung, an einem anderen Ort neu zu beginnen.<br \/>\nDas freiheitliche, wohlhabende, nahe liegende Europa ist verst\u00e4ndlicherweise das Ziel der meisten, die eine neue Bleibe suchen.<\/p>\n<p style=\"padding-left: 60px;\">Man kann es den Zuwanderern nicht verdenken, wenn ihnen Europa \u2013 und insbesondere Deutschland &#8211; als ein Schlaraffenland erscheint, in dem das Geld an den B\u00e4umen w\u00e4chst: das Allround-Genusserlebnis, das uns von den Gesch\u00e4ften, ihren Internetauftritten und der Werbung im Allgemeinen vorgegaukelt wird, ist f\u00fcr Zugereiste nicht so schnell durchschaubar und leicht mit der Realit\u00e4t zu verwechseln. Leider gibt es auch bei uns Armut. Das wird in der \u00d6ffentlichkeit meist in anderen Zusammenh\u00e4ngen erw\u00e4hnt.<br \/>\nDie Menschen, die jetzt mit ihren N\u00f6ten und W\u00fcnschen zu uns kommen, wissen nat\u00fcrlich \u2013 oder werden es schnell merken -, dass Freiheit und Wohlstand nicht als Geschenke vom Himmel fallen. Materieller Wohlstand hat seine Kehrseiten, und die pers\u00f6nliche Freiheit ihre Grenzen. Beides muss stets neu errungen werden: das Zusammenleben in einer Gemeinschaft erfordert t\u00e4gliches Umdenken und Neu\u00fcberdenken, wie es demokratisch weitergehen soll.\u00a0 Und jeder, der an dieser Gemeinschaft teilhaben will, muss daran mitwirken und dazu beitragen.<\/p>\n<p style=\"padding-left: 60px;\">Die Kapazit\u00e4t der demokratischen Staaten und ihr guter Wille zur Aufnahme von Fl\u00fcchtlingen steht vor vielen unvorhergesehenen Aufgaben. Sie\u00a0sind schwierig zu<strong>\u00a0<\/strong>\u00a0meistern. Wir Europ\u00e4er sind nicht darauf vorbereitet, die N\u00f6te der zu uns str\u00f6menden Menschen zu l\u00f6sen. Es braucht Zeit, Geduld und gemeinsames Handeln. \u00a0ALLE M\u00dcSSEN \u00a0ANPACKEN : EINHEIMISCHE UND ZUGEWANDERTE.<\/p>\n<p style=\"padding-left: 60px;\">Europa braucht ein klares Konzept, um die neue, unerwartete Aufgabe zufriedenstellend zu l\u00f6sen. Alle brauchen die n\u00f6tigen Mittel. Sie zu beschaffen, wird unweigerlich auch Konflikte heraufbeschw\u00f6ren, hervorgerufen durch Unverst\u00e4ndnis, mangelnde Hilfsbereitschaft und Angst um den eigenen Lebensstandard. Um Probleme und Ausschreitungen zu vermeiden, ist ein Um- und Mitdenken aller Europ\u00e4er unerl\u00e4sslich:<br \/>\nWir sollten \u00a0uns dar\u00fcber klar werden, dass die Aufnahme von politisch und materiell bedr\u00e4ngten Menschen und deren Familien einerseits zwar gewisse finanzielle Opfer von uns verlangt, dass aber andererseits ihre Einb\u00fcrgerung uns auch bereichert, und das nicht nur in menschlicher und kultureller Hinsicht. Besonders auch um die wirtschaftliche Zukunft Deutschlands zu garantieren, brauchen wir den Zustrom leistungsmotivierter Mitb\u00fcrger, die mit ihren Talenten und F\u00e4higkeiten unsere Industrie unterst\u00fctzen, den Weiterbestand vieler Gewerbe erm\u00f6glichen und mithelfen, die Altersversorgungen aller abzusichern.<\/p>\n<p style=\"padding-left: 60px;\">Die freiwillige Arbeit vieler ehrenamtlicher Helfer und humanit\u00e4rer Organisationen ist ein wichtiger Faktor, um das Ziel der Eingliederung dieser Fl\u00fcchtlinge in Europa zu erreichen. Mit ihrem Einsatz vermitteln die Helfer vor allem menschliches Verst\u00e4ndnis, was mindestens ebenso wichtig ist wie staatlich-b\u00fcrokratische Unterst\u00fctzung. aber nicht ausreichend, um dauerhaft allt\u00e4gliche Probleme zu l\u00f6sen.<\/p>\n<p style=\"padding-left: 60px;\">Es ist Sache der europ\u00e4ischen Regierungen, so schnell wie m\u00f6glich zu handeln, um die Integration all dieser Menschen zu gew\u00e4hrleisten &#8211; unabh\u00e4ngig von den notwendigen au\u00dfenpolitischen Ma\u00dfnahmen, die eine Flucht aus der Heimat unn\u00f6tig machen w\u00fcrden. Zur Integration geh\u00f6rt eine kritisch \u00a0positive, \u00a0durchdachte Einstellung aller Beteiligten. Wohnraum und Hilfestellungen zur Selbsthilfe staatlicherseits stehen an erster Stelle. Intensive Sprachkurse und \u00a0gleichzeitige Betreuung durch Freiwillige (LEHRER, SCHAUSPIELER, SCH\u00dcLER, HAUSFRAUEN, K\u00d6CHE \u00a0und FAMILIEN mit Kindern, die Deutsch und die jeweilige Landessprache sprechen), um den Fl\u00fcchtlingen bei den allt\u00e4glichsten Dingen eine erste Hilfe und Chance zu geben, sich zurechtzufinden, unser Land, unsere Gewohnheiten, Kultur und Gesetze zu verstehen und anzunehmen. Denn: wie soll man sich mit etwas identifizieren, das man nicht versteht? Deutsch ist eine schwierig zu erlernende Sprache.<\/p>\n<p style=\"padding-left: 60px;\">Pers\u00f6nlich besch\u00e4ftige ich mich schon seit Jahren mit der Fl\u00fcchtlingsproblematik und mache mir Gedanken dar\u00fcber,\u00a0 wie ich selbst, als K\u00fcnstlerin und Mensch, zu einer L\u00f6sung beitragen kann. Bereits 2014 bot ich in meiner Werkstatt kostenlose Deutschstunden f\u00fcr Fl\u00fcchtlinge an, bei denen ich einige der in Kirkel wohnhaften syrischen Familien kennen und sch\u00e4tzen lernte. Leider konnte ich den Unterricht nicht kontinuierlich fortsetzen, weil sich inzwischen eine Gruppe gebildet hatte, die nach bestimmten Regeln alle Bereitwilligen eher verst\u00f6rt hat. \u00a0Deshalb habe ich ein neues Hilfsprojekt entwickelt, das einerseits zur finanziellen Unterst\u00fctzung von geeigneten Organisationen beitragen k\u00f6nnte, und andererseits durch seine k\u00fcnstlerische Aussage zur Bewusstseinsbildung und Sensibilisierung aller Mitmenschen anregen will. Ein weiteres Konzept, das sehr meine Handschrift auch in diesem Falle tr\u00e4gt, will ich nach erneutem \u00dcberdenken ver\u00f6ffentlichen. Es geht dabei um Ideen, die vielleicht nicht durchf\u00fchrbar sind. Aber wo ein Wille ist. war schon immer auch ein Weg.<\/p>\n<p style=\"padding-left: 60px;\">Im Rahmen dieses Programmes werde ich w\u00e4hrend des n\u00e4chsten Jahres meine zum Fl\u00fcchtlingsthema geschaffenen oder zu schaffenden Kunstwerke auf meiner Web \u00f6ffentlich vorstellen und den Betrag jedes verkauften Bildes direkt entsprechenden Projekten der Fl\u00fcchtlingshilfe zukommen lassen.<\/p>\n<p style=\"padding-left: 60px;\">Mit der \u00a0Postkarte, die diesen Artikel begleitet, m\u00f6chte ich gerne \u00a0dazu beitragen:<br \/>\nSie k\u00f6nnen damit andere Menschen , die nicht wissen wie sie helfen k\u00f6nnen, dazu auffordern, durch meine durch Malerei, Grafik \u00a0und Fotografie entstandenen Werke \u00a0die Fl\u00fcchtlingshilfe zu unterst\u00fctzen. Ein jeder kann also an seinem Platz t\u00e4tig werden. Das hilft auch, wenn es ehrlich gemeint ist.<span class=\"Apple-converted-space\">\u00a0<\/span>Beim\u00a0Kauf der Kunstpostkarten \u00a0gehen 50 % des Preises an Fl\u00fcchtlingsprojekte, die ich Ihnen bald benenne. Ohne Ihre Spendenhilfe bin auch ich &#8222;hilflos&#8220;.<\/p>\n<p style=\"padding-left: 60px;\">12 Kunst-Postkarten &#8222;Reisen 2010\u00a0&#8211; Fl\u00fcchtlingsstrom &#8211; Trudl Wohlfeil&#8220;, herausgegeben von Edition Trudl Wohlfeil (Farbdruck auf Karton, DIN A 6). Es geht noch mit Handarbeit, auch \u00a0das Verpacken und Versenden. Vielleicht wissen Sie einen anderen Weg. Schauen Sie auch in meine Webseiten, sie werden meine Arbeit besser verstehen. Ich danke Ihnen im Namen der Fl\u00fcchtlinge.<br \/>\n12 \u20ac + Versand<\/p>\n<p style=\"padding-left: 60px;\"><a href=\"https:\/\/reflejarte.es\/umdenken\/TrudlWohlfeil\/kontakt-zu-trudl-wohlfeil\/\" target=\"_blank\" rel=\"noopener\">Bestellen per E-Mail-Formular<\/a><\/p>\n<p style=\"padding-left: 60px;\"><strong>Ort:<\/strong><span class=\"Apple-converted-space\">\u00a0<\/span>Trudl\u00b4s Werkstatt und Malschule, 66459 Kirkel-Neuh\u00e4usel \/ Saar, Kaiserstr. 97<br \/>\n<strong>Termine:<\/strong><span class=\"Apple-converted-space\">\u00a0<\/span>jederzeit spenden<br \/>\n<a href=\"https:\/\/reflejarte.es\/umdenken\/TrudlWohlfeil\/kontakt-zu-trudl-wohlfeil\/\" target=\"_blank\" rel=\"noopener\"><strong>[Kontakt per E-mail]<\/strong><\/a><br \/>\n<strong>Telefon:<\/strong><span class=\"Apple-converted-space\">\u00a0<\/span>0049-06849\/901955<\/p>\n<p>&nbsp;<\/p>\n<p>&nbsp;<\/p>\n","protected":false},"excerpt":{"rendered":"<p>Spendenaktion in Europa am 15.9.2015 Der Fl\u00fcchtlingsstrom Gedanken zum Thema &nbsp; Der Fl\u00fcchtlingsstrom wird immer gr\u00f6\u00dfer. Die Kriege, vor denen die Menschen fliehen, scheinen kein Ende zu nehmen. Sie kommen zu uns in Scharen. Ihre Flucht gleicht einer V\u00f6lkerwanderung, die wir nur aus Geschichtsb\u00fcchern kennen. Was erhoffen die Menschen von uns und den L\u00e4ndern, die sie auserkoren haben, um dort zu leben und neu zu beginnen, oder auch nur zu \u00fcberleben? Es ging uns in den letzten 50 Jahren in Europa sehr gut. In Deutschland leben wir in Frieden, Freiheit und Wohlstand. Das sind die Voraussetzungen, um ein gutes Leben\u2026<\/p>\n<p> <a class=\"continue-reading-link\" href=\"https:\/\/reflejarte.es\/umdenken\/TrudlWohlfeil\/der-fluechtlingsstrom\/\"><span>[ &#8230; mehr ]<\/span><i class=\"crycon-right-dir\"><\/i><\/a> <\/p>\n","protected":false},"author":2,"featured_media":289,"comment_status":"closed","ping_status":"closed","sticky":false,"template":"","format":"standard","meta":{"footnotes":""},"categories":[3,66,1,69],"tags":[22,7,16,32,8],"class_list":["post-104","post","type-post","status-publish","format-standard","has-post-thumbnail","hentry","category-aktion","category-edition-trudl-wohlfeil","category-kunst","category-postkarte","tag-aktionen","tag-aktionspostkarte","tag-spendenaktion","tag-trudl-wohlfeil","tag-umdenken"],"_links":{"self":[{"href":"https:\/\/reflejarte.es\/umdenken\/TrudlWohlfeil\/wp-json\/wp\/v2\/posts\/104","targetHints":{"allow":["GET"]}}],"collection":[{"href":"https:\/\/reflejarte.es\/umdenken\/TrudlWohlfeil\/wp-json\/wp\/v2\/posts"}],"about":[{"href":"https:\/\/reflejarte.es\/umdenken\/TrudlWohlfeil\/wp-json\/wp\/v2\/types\/post"}],"author":[{"embeddable":true,"href":"https:\/\/reflejarte.es\/umdenken\/TrudlWohlfeil\/wp-json\/wp\/v2\/users\/2"}],"replies":[{"embeddable":true,"href":"https:\/\/reflejarte.es\/umdenken\/TrudlWohlfeil\/wp-json\/wp\/v2\/comments?post=104"}],"version-history":[{"count":24,"href":"https:\/\/reflejarte.es\/umdenken\/TrudlWohlfeil\/wp-json\/wp\/v2\/posts\/104\/revisions"}],"predecessor-version":[{"id":713,"href":"https:\/\/reflejarte.es\/umdenken\/TrudlWohlfeil\/wp-json\/wp\/v2\/posts\/104\/revisions\/713"}],"wp:featuredmedia":[{"embeddable":true,"href":"https:\/\/reflejarte.es\/umdenken\/TrudlWohlfeil\/wp-json\/wp\/v2\/media\/289"}],"wp:attachment":[{"href":"https:\/\/reflejarte.es\/umdenken\/TrudlWohlfeil\/wp-json\/wp\/v2\/media?parent=104"}],"wp:term":[{"taxonomy":"category","embeddable":true,"href":"https:\/\/reflejarte.es\/umdenken\/TrudlWohlfeil\/wp-json\/wp\/v2\/categories?post=104"},{"taxonomy":"post_tag","embeddable":true,"href":"https:\/\/reflejarte.es\/umdenken\/TrudlWohlfeil\/wp-json\/wp\/v2\/tags?post=104"}],"curies":[{"name":"wp","href":"https:\/\/api.w.org\/{rel}","templated":true}]}}