{"id":1624,"date":"2018-12-16T16:52:52","date_gmt":"2018-12-16T16:52:52","guid":{"rendered":"http:\/\/lareverie.es\/?p=1624"},"modified":"2022-04-10T08:54:36","modified_gmt":"2022-04-10T08:54:36","slug":"concierto-presentacion-de-canciones-redondas-rounded-songs","status":"publish","type":"post","link":"https:\/\/reflejarte.es\/lareverie\/concierto-presentacion-de-canciones-redondas-rounded-songs\/","title":{"rendered":"Presentaci\u00f3n de Canciones Redondas &#8211; Rounded Songs en Granada, 22-12-2018"},"content":{"rendered":"\r\n<h2 class=\"wp-block-heading\"><img loading=\"lazy\" decoding=\"async\" class=\"aligncenter size-large wp-image-1627\" src=\"https:\/\/reflejarte.es\/lareverie\/wp-content\/uploads\/2018\/12\/Lareverie-albumROUNDEDSONGS-1024x339.png\" alt=\"La Reverie : album ROUNDED SONGS \u00b7 CANCIONES REDONDAS\" width=\"900\" height=\"298\" srcset=\"https:\/\/reflejarte.es\/lareverie\/wp-content\/uploads\/2018\/12\/Lareverie-albumROUNDEDSONGS-1024x339.png 1024w, https:\/\/reflejarte.es\/lareverie\/wp-content\/uploads\/2018\/12\/Lareverie-albumROUNDEDSONGS-300x99.png 300w, https:\/\/reflejarte.es\/lareverie\/wp-content\/uploads\/2018\/12\/Lareverie-albumROUNDEDSONGS-768x254.png 768w, https:\/\/reflejarte.es\/lareverie\/wp-content\/uploads\/2018\/12\/Lareverie-albumROUNDEDSONGS-150x50.png 150w, https:\/\/reflejarte.es\/lareverie\/wp-content\/uploads\/2018\/12\/Lareverie-albumROUNDEDSONGS-250x83.png 250w, https:\/\/reflejarte.es\/lareverie\/wp-content\/uploads\/2018\/12\/Lareverie-albumROUNDEDSONGS.png 1263w\" sizes=\"auto, (max-width: 900px) 100vw, 900px\" \/><\/h2>\r\n<h2>La R\u00eaverie en concierto en La Tertulia de Granada<\/h2>\r\n\r\n\r\n\r\n<h3 class=\"wp-block-heading\">Poemas de Lorca con m\u00fasica de La R\u00eaverie<\/h3>\r\n\r\n\r\n\r\n<p>&nbsp;<\/p>\r\n\r\n\r\n\r\n<p>El ensemble C\u00e1ntica Cuarteto de La Reverie acabamos de publicar nuestro \u00faltimo trabajo, el \u00e1lbum &#8216;Canciones Redondas &#8211; Rounded Songs&#8217;. <br \/>Son diez poemas de Federico Garc\u00eda Lorca, musicadas por Manuel Esteban en homenaje al genial poeta andaluz:\u00a0 ambos artistas -por haberse criado en\u00a0&#8216;La Huerta&#8217; de la Vega de Granada, aunque en \u00e9pocas diferentes- comparten recuerdos y memorias culturales, gran afici\u00f3n por la m\u00fasica, la poes\u00eda y el trabajo bien hecho.<br \/>Las canciones del \u00e1lbum ser\u00e1n presentadas en vivo en un lugar muy apropiado: en la m\u00edtica TERTULIA de Granada, bar-caf\u00e9 concierto desde los tiempos de la transici\u00f3n, escenario de artistas y poetas de la talla de Rafael Alberti&#8230;<\/p>\r\n<h2><img loading=\"lazy\" decoding=\"async\" class=\"aligncenter size-full wp-image-1003\" src=\"https:\/\/reflejarte.es\/lareverie\/wp-content\/uploads\/2018\/09\/LaReverie-CANTICA.jpg\" alt=\"La Reverie \u00b7 CANTICA\" width=\"800\" height=\"267\" srcset=\"https:\/\/reflejarte.es\/lareverie\/wp-content\/uploads\/2018\/09\/LaReverie-CANTICA.jpg 800w, https:\/\/reflejarte.es\/lareverie\/wp-content\/uploads\/2018\/09\/LaReverie-CANTICA-300x100.jpg 300w, https:\/\/reflejarte.es\/lareverie\/wp-content\/uploads\/2018\/09\/LaReverie-CANTICA-768x256.jpg 768w, https:\/\/reflejarte.es\/lareverie\/wp-content\/uploads\/2018\/09\/LaReverie-CANTICA-150x50.jpg 150w, https:\/\/reflejarte.es\/lareverie\/wp-content\/uploads\/2018\/09\/LaReverie-CANTICA-250x83.jpg 250w\" sizes=\"auto, (max-width: 800px) 100vw, 800px\" \/><\/h2>\r\n<p>La presentaci\u00f3n tendr\u00e1 lugar el s\u00e1bado, 22 de diciembre de 2018 a las 19:30 h, y contar\u00e1 con los artistas del CUARTETO C\u00c1NTICA de La R\u00eaverie. <br \/>Las nuevas melod\u00edas, bellas y originales, ser\u00e1n interpretadas magistralmente por por Yolanda Campos (mezzosoprano), Inmaculada G\u00f3mez (flauta travesera y c\u00e4sta\u00f1uelas), \u00c1ngel Mart\u00edn (percusi\u00f3n) y Manuel Esteban (guitarra cl\u00e1sica y composici\u00f3n).<\/p>\r\n<p><img loading=\"lazy\" decoding=\"async\" class=\"alignleft size-medium wp-image-1725\" src=\"https:\/\/reflejarte.es\/lareverie\/wp-content\/uploads\/2020\/10\/garcialorca-210x300.jpg\" alt=\"Federico Garc\u00eda Lorca, poeta granadino\" width=\"210\" height=\"300\" srcset=\"https:\/\/reflejarte.es\/lareverie\/wp-content\/uploads\/2020\/10\/garcialorca-210x300.jpg 210w, https:\/\/reflejarte.es\/lareverie\/wp-content\/uploads\/2020\/10\/garcialorca-717x1024.jpg 717w, https:\/\/reflejarte.es\/lareverie\/wp-content\/uploads\/2020\/10\/garcialorca-768x1097.jpg 768w, https:\/\/reflejarte.es\/lareverie\/wp-content\/uploads\/2020\/10\/garcialorca-1075x1536.jpg 1075w, https:\/\/reflejarte.es\/lareverie\/wp-content\/uploads\/2020\/10\/garcialorca-105x150.jpg 105w, https:\/\/reflejarte.es\/lareverie\/wp-content\/uploads\/2020\/10\/garcialorca.jpg 1218w\" sizes=\"auto, (max-width: 210px) 100vw, 210px\" \/>La innovadora y emocionante musicalizaci\u00f3n de los poemas por Manuel Esteban -algunos tan conocidos como el \u201dVerde que te quiero verde\u201d (Romance son\u00e1mbulo), el Romance de la pena negra, Idilio (\u201dT\u00fa quer\u00edas que yo te dijera el secreto de la primavera&#8230;\u201d, o la Balada interior (\u00abFr\u00edo, fr\u00edo como el agua del r\u00edo&#8230;\u00bb)- refleja la profundidad de los textos po\u00e9ticos y los aleja del t\u00edpico toque flamenco que se les suele dar en otras interpretaciones.<\/p>\r\n\r\n\r\n\r\n\r\n\r\n\r\n\r\n<p>El \u00e1lbum, que acaba de salir en diferentes plataformas (esc\u00fachalo gratuitamente en <a href=\"http:\/\/open.spotify.com\/artist\/0j0kISVp5ynwLWbMamTlM7\" target=\"_blank\" rel=\"noreferrer noopener\">Spotify<\/a>), est\u00e1 teniendo una acogida muy favorable, que no sorprende, ya que la calidad de las interpretaciones es sencillamente excepcional.<\/p>\r\n\r\n\r\n\r\n<p>Si tienes la suerte de poder acercarte a La Tertulia de Granada, no te lo pienses mucho. El aforo es limitado, y pocas veces se tiene la ocasi\u00f3n de escu\u2282har tan buena m\u00fasica en vivo.<br \/>Las entradas pueden adquirirse directamente en La Tertulia, el 22 de diciembre a las 19:30 h.<\/p>\r\n\r\n\r\n\r\n<p>Encuentra m\u00e1s informaci\u00f3n sobre el \u00e1lbum y los m\u00fasicos en <a href=\"http:\/\/lareverie.es\" target=\"_blank\" rel=\"noreferrer noopener\">lareverie.es<\/a><\/p>\r\n\r\n\r\n\r\n<p>lugar: <strong>La Tertulia<br \/>18002 Granada, Calle Pintor L\u00f3pez Mezquita, 3<\/strong><br \/>horario: <strong>19:30 h<\/strong><br \/>precio: <strong>6 \u20ac (incluye consumici\u00f3n)<\/strong><\/p>\r\n","protected":false},"excerpt":{"rendered":"<p>La R\u00eaverie en concierto en La Tertulia de Granada Poemas de Lorca con m\u00fasica de La R\u00eaverie &nbsp; El ensemble C\u00e1ntica Cuarteto de La Reverie acabamos de publicar nuestro \u00faltimo trabajo, el \u00e1lbum &#8216;Canciones Redondas&#8230;<\/p>\n<p> <a class=\"continue-reading-link\" href=\"https:\/\/reflejarte.es\/lareverie\/concierto-presentacion-de-canciones-redondas-rounded-songs\/\"><span>seguir leyendo &#8230;<\/span><i class=\"crycon-right-dir\"><\/i><\/a> <\/p>\n","protected":false},"author":1,"featured_media":1627,"comment_status":"open","ping_status":"closed","sticky":false,"template":"","format":"standard","meta":{"footnotes":""},"categories":[147,1],"tags":[140,136,149,150,139,137,148,138],"class_list":["post-1624","post","type-post","status-publish","format-standard","has-post-thumbnail","hentry","category-album-de-la-reverie","category-musica","tag-angel-martin","tag-canciones-espanoles","tag-cantica-cuarteto","tag-conciertoconcert","tag-inma-gomez","tag-manuel-esteban","tag-rounded-songscanciones-redondas","tag-yolanda-campos"],"yoast_head":"<!-- This site is optimized with the Yoast SEO plugin v27.5 - https:\/\/yoast.com\/product\/yoast-seo-wordpress\/ -->\n<title>Presentaci\u00f3n de Canciones Redondas - Rounded Songs en Granada, 22-12-2018 &#183; La R\u00eaverie<\/title>\n<meta name=\"description\" content=\"Presentaci\u00f3n de Canciones Redondas - Rounded Songs en Granada, 22-12-2018 &#183; La R\u00eaverie &#183; La R\u00eaverie en concierto en La Tertulia de Granada &#183; Poemas de Lorca con m\u00fasica de La R\u00eaverie\" \/>\n<meta name=\"robots\" content=\"index, follow, max-snippet:-1, max-image-preview:large, max-video-preview:-1\" \/>\n<link rel=\"canonical\" href=\"https:\/\/reflejarte.es\/lareverie\/concierto-presentacion-de-canciones-redondas-rounded-songs\/\" \/>\n<meta property=\"og:locale\" content=\"es_ES\" \/>\n<meta property=\"og:type\" content=\"article\" \/>\n<meta property=\"og:title\" content=\"Presentaci\u00f3n de Canciones Redondas - Rounded Songs en Granada, 22-12-2018 &#183; La R\u00eaverie\" \/>\n<meta property=\"og:description\" content=\"Presentaci\u00f3n de Canciones Redondas - Rounded Songs en Granada, 22-12-2018 &#183; La R\u00eaverie &#183; La R\u00eaverie en concierto en La Tertulia de Granada &#183; Poemas de Lorca con m\u00fasica de La R\u00eaverie\" \/>\n<meta property=\"og:url\" content=\"https:\/\/reflejarte.es\/lareverie\/concierto-presentacion-de-canciones-redondas-rounded-songs\/\" \/>\n<meta property=\"og:site_name\" content=\"La R\u00eaverie\" \/>\n<meta property=\"article:published_time\" content=\"2018-12-16T16:52:52+00:00\" \/>\n<meta property=\"article:modified_time\" content=\"2022-04-10T08:54:36+00:00\" \/>\n<meta property=\"og:image\" content=\"https:\/\/reflejarte.es\/lareverie\/wp-content\/uploads\/2018\/12\/Lareverie-albumROUNDEDSONGS.png\" \/>\n\t<meta property=\"og:image:width\" content=\"1263\" \/>\n\t<meta property=\"og:image:height\" content=\"418\" \/>\n\t<meta property=\"og:image:type\" content=\"image\/png\" \/>\n<meta name=\"author\" content=\"La R\u00eaverie\" \/>\n<meta name=\"twitter:card\" content=\"summary_large_image\" \/>\n<meta name=\"twitter:label1\" content=\"Escrito por\" \/>\n\t<meta name=\"twitter:data1\" content=\"La R\u00eaverie\" \/>\n\t<meta name=\"twitter:label2\" content=\"Tiempo de lectura\" \/>\n\t<meta name=\"twitter:data2\" content=\"2 minutos\" \/>\n<script type=\"application\/ld+json\" class=\"yoast-schema-graph\">{\"@context\":\"https:\\\/\\\/schema.org\",\"@graph\":[{\"@type\":\"Article\",\"@id\":\"https:\\\/\\\/reflejarte.es\\\/lareverie\\\/concierto-presentacion-de-canciones-redondas-rounded-songs\\\/#article\",\"isPartOf\":{\"@id\":\"https:\\\/\\\/reflejarte.es\\\/lareverie\\\/concierto-presentacion-de-canciones-redondas-rounded-songs\\\/\"},\"author\":{\"name\":\"La R\u00eaverie\",\"@id\":\"https:\\\/\\\/reflejarte.es\\\/lareverie\\\/#\\\/schema\\\/person\\\/5c48ca5d852a6ac613afecdcdad33430\"},\"headline\":\"Presentaci\u00f3n de Canciones Redondas &#8211; Rounded Songs en Granada, 22-12-2018\",\"datePublished\":\"2018-12-16T16:52:52+00:00\",\"dateModified\":\"2022-04-10T08:54:36+00:00\",\"mainEntityOfPage\":{\"@id\":\"https:\\\/\\\/reflejarte.es\\\/lareverie\\\/concierto-presentacion-de-canciones-redondas-rounded-songs\\\/\"},\"wordCount\":414,\"commentCount\":0,\"publisher\":{\"@id\":\"https:\\\/\\\/reflejarte.es\\\/lareverie\\\/#\\\/schema\\\/person\\\/5c48ca5d852a6ac613afecdcdad33430\"},\"image\":{\"@id\":\"https:\\\/\\\/reflejarte.es\\\/lareverie\\\/concierto-presentacion-de-canciones-redondas-rounded-songs\\\/#primaryimage\"},\"thumbnailUrl\":\"https:\\\/\\\/reflejarte.es\\\/lareverie\\\/wp-content\\\/uploads\\\/2018\\\/12\\\/Lareverie-albumROUNDEDSONGS.png\",\"keywords\":[\"\u00c1ngel Mart\u00edn\",\"canciones espa\u00f1olas\u00b7Spanish Songs\",\"C\u00e1ntica Cuarteto\",\"Concierto\u00b7Concert\",\"Inma G\u00f3mez\",\"Manuel Esteban\",\"Rounded Songs\u00b7Canciones Redondas\",\"Yolanda Campos\"],\"articleSection\":[\"\u00e1lbum de La R\u00eaverie\",\"m\u00fasica\"],\"inLanguage\":\"es\",\"potentialAction\":[{\"@type\":\"CommentAction\",\"name\":\"Comment\",\"target\":[\"https:\\\/\\\/reflejarte.es\\\/lareverie\\\/concierto-presentacion-de-canciones-redondas-rounded-songs\\\/#respond\"]}]},{\"@type\":\"WebPage\",\"@id\":\"https:\\\/\\\/reflejarte.es\\\/lareverie\\\/concierto-presentacion-de-canciones-redondas-rounded-songs\\\/\",\"url\":\"https:\\\/\\\/reflejarte.es\\\/lareverie\\\/concierto-presentacion-de-canciones-redondas-rounded-songs\\\/\",\"name\":\"Presentaci\u00f3n de Canciones Redondas - Rounded Songs en Granada, 22-12-2018 &#183; La R\u00eaverie\",\"isPartOf\":{\"@id\":\"https:\\\/\\\/reflejarte.es\\\/lareverie\\\/#website\"},\"primaryImageOfPage\":{\"@id\":\"https:\\\/\\\/reflejarte.es\\\/lareverie\\\/concierto-presentacion-de-canciones-redondas-rounded-songs\\\/#primaryimage\"},\"image\":{\"@id\":\"https:\\\/\\\/reflejarte.es\\\/lareverie\\\/concierto-presentacion-de-canciones-redondas-rounded-songs\\\/#primaryimage\"},\"thumbnailUrl\":\"https:\\\/\\\/reflejarte.es\\\/lareverie\\\/wp-content\\\/uploads\\\/2018\\\/12\\\/Lareverie-albumROUNDEDSONGS.png\",\"datePublished\":\"2018-12-16T16:52:52+00:00\",\"dateModified\":\"2022-04-10T08:54:36+00:00\",\"description\":\"Presentaci\u00f3n de Canciones Redondas - Rounded Songs en Granada, 22-12-2018 &#183; La R\u00eaverie &#183; La R\u00eaverie en concierto en La Tertulia de Granada &#183; Poemas de Lorca con m\u00fasica de La R\u00eaverie\",\"breadcrumb\":{\"@id\":\"https:\\\/\\\/reflejarte.es\\\/lareverie\\\/concierto-presentacion-de-canciones-redondas-rounded-songs\\\/#breadcrumb\"},\"inLanguage\":\"es\",\"potentialAction\":[{\"@type\":\"ReadAction\",\"target\":[\"https:\\\/\\\/reflejarte.es\\\/lareverie\\\/concierto-presentacion-de-canciones-redondas-rounded-songs\\\/\"]}]},{\"@type\":\"ImageObject\",\"inLanguage\":\"es\",\"@id\":\"https:\\\/\\\/reflejarte.es\\\/lareverie\\\/concierto-presentacion-de-canciones-redondas-rounded-songs\\\/#primaryimage\",\"url\":\"https:\\\/\\\/reflejarte.es\\\/lareverie\\\/wp-content\\\/uploads\\\/2018\\\/12\\\/Lareverie-albumROUNDEDSONGS.png\",\"contentUrl\":\"https:\\\/\\\/reflejarte.es\\\/lareverie\\\/wp-content\\\/uploads\\\/2018\\\/12\\\/Lareverie-albumROUNDEDSONGS.png\",\"width\":1263,\"height\":418,\"caption\":\"La Reverie : album ROUNDED SONGS \u00b7 CANCIONES REDONDAS\"},{\"@type\":\"BreadcrumbList\",\"@id\":\"https:\\\/\\\/reflejarte.es\\\/lareverie\\\/concierto-presentacion-de-canciones-redondas-rounded-songs\\\/#breadcrumb\",\"itemListElement\":[{\"@type\":\"ListItem\",\"position\":1,\"name\":\"Inicio\",\"item\":\"https:\\\/\\\/reflejarte.es\\\/lareverie\\\/\"},{\"@type\":\"ListItem\",\"position\":2,\"name\":\"Presentaci\u00f3n de Canciones Redondas &#8211; Rounded Songs en Granada, 22-12-2018\"}]},{\"@type\":\"WebSite\",\"@id\":\"https:\\\/\\\/reflejarte.es\\\/lareverie\\\/#website\",\"url\":\"https:\\\/\\\/reflejarte.es\\\/lareverie\\\/\",\"name\":\"La R\u00eaverie\",\"description\":\"pasi\u00f3n por la m\u00fasica bien hecha\",\"publisher\":{\"@id\":\"https:\\\/\\\/reflejarte.es\\\/lareverie\\\/#\\\/schema\\\/person\\\/5c48ca5d852a6ac613afecdcdad33430\"},\"potentialAction\":[{\"@type\":\"SearchAction\",\"target\":{\"@type\":\"EntryPoint\",\"urlTemplate\":\"https:\\\/\\\/reflejarte.es\\\/lareverie\\\/?s={search_term_string}\"},\"query-input\":{\"@type\":\"PropertyValueSpecification\",\"valueRequired\":true,\"valueName\":\"search_term_string\"}}],\"inLanguage\":\"es\"},{\"@type\":[\"Person\",\"Organization\"],\"@id\":\"https:\\\/\\\/reflejarte.es\\\/lareverie\\\/#\\\/schema\\\/person\\\/5c48ca5d852a6ac613afecdcdad33430\",\"name\":\"La R\u00eaverie\",\"image\":{\"@type\":\"ImageObject\",\"inLanguage\":\"es\",\"@id\":\"https:\\\/\\\/reflejarte.es\\\/lareverie\\\/wp-content\\\/uploads\\\/2018\\\/09\\\/lareverie-logo.jpg\",\"url\":\"https:\\\/\\\/reflejarte.es\\\/lareverie\\\/wp-content\\\/uploads\\\/2018\\\/09\\\/lareverie-logo.jpg\",\"contentUrl\":\"https:\\\/\\\/reflejarte.es\\\/lareverie\\\/wp-content\\\/uploads\\\/2018\\\/09\\\/lareverie-logo.jpg\",\"width\":512,\"height\":512,\"caption\":\"La R\u00eaverie\"},\"logo\":{\"@id\":\"https:\\\/\\\/reflejarte.es\\\/lareverie\\\/wp-content\\\/uploads\\\/2018\\\/09\\\/lareverie-logo.jpg\"}}]}<\/script>\n<!-- \/ Yoast SEO plugin. -->","yoast_head_json":{"title":"Presentaci\u00f3n de Canciones Redondas - Rounded Songs en Granada, 22-12-2018 &#183; La R\u00eaverie","description":"Presentaci\u00f3n de Canciones Redondas - Rounded Songs en Granada, 22-12-2018 &#183; La R\u00eaverie &#183; La R\u00eaverie en concierto en La Tertulia de Granada &#183; Poemas de Lorca con m\u00fasica de La R\u00eaverie","robots":{"index":"index","follow":"follow","max-snippet":"max-snippet:-1","max-image-preview":"max-image-preview:large","max-video-preview":"max-video-preview:-1"},"canonical":"https:\/\/reflejarte.es\/lareverie\/concierto-presentacion-de-canciones-redondas-rounded-songs\/","og_locale":"es_ES","og_type":"article","og_title":"Presentaci\u00f3n de Canciones Redondas - Rounded Songs en Granada, 22-12-2018 &#183; La R\u00eaverie","og_description":"Presentaci\u00f3n de Canciones Redondas - Rounded Songs en Granada, 22-12-2018 &#183; La R\u00eaverie &#183; La R\u00eaverie en concierto en La Tertulia de Granada &#183; Poemas de Lorca con m\u00fasica de La R\u00eaverie","og_url":"https:\/\/reflejarte.es\/lareverie\/concierto-presentacion-de-canciones-redondas-rounded-songs\/","og_site_name":"La R\u00eaverie","article_published_time":"2018-12-16T16:52:52+00:00","article_modified_time":"2022-04-10T08:54:36+00:00","og_image":[{"width":1263,"height":418,"url":"https:\/\/reflejarte.es\/lareverie\/wp-content\/uploads\/2018\/12\/Lareverie-albumROUNDEDSONGS.png","type":"image\/png"}],"author":"La R\u00eaverie","twitter_card":"summary_large_image","twitter_misc":{"Escrito por":"La R\u00eaverie","Tiempo de lectura":"2 minutos"},"schema":{"@context":"https:\/\/schema.org","@graph":[{"@type":"Article","@id":"https:\/\/reflejarte.es\/lareverie\/concierto-presentacion-de-canciones-redondas-rounded-songs\/#article","isPartOf":{"@id":"https:\/\/reflejarte.es\/lareverie\/concierto-presentacion-de-canciones-redondas-rounded-songs\/"},"author":{"name":"La R\u00eaverie","@id":"https:\/\/reflejarte.es\/lareverie\/#\/schema\/person\/5c48ca5d852a6ac613afecdcdad33430"},"headline":"Presentaci\u00f3n de Canciones Redondas &#8211; Rounded Songs en Granada, 22-12-2018","datePublished":"2018-12-16T16:52:52+00:00","dateModified":"2022-04-10T08:54:36+00:00","mainEntityOfPage":{"@id":"https:\/\/reflejarte.es\/lareverie\/concierto-presentacion-de-canciones-redondas-rounded-songs\/"},"wordCount":414,"commentCount":0,"publisher":{"@id":"https:\/\/reflejarte.es\/lareverie\/#\/schema\/person\/5c48ca5d852a6ac613afecdcdad33430"},"image":{"@id":"https:\/\/reflejarte.es\/lareverie\/concierto-presentacion-de-canciones-redondas-rounded-songs\/#primaryimage"},"thumbnailUrl":"https:\/\/reflejarte.es\/lareverie\/wp-content\/uploads\/2018\/12\/Lareverie-albumROUNDEDSONGS.png","keywords":["\u00c1ngel Mart\u00edn","canciones espa\u00f1olas\u00b7Spanish Songs","C\u00e1ntica Cuarteto","Concierto\u00b7Concert","Inma G\u00f3mez","Manuel Esteban","Rounded Songs\u00b7Canciones Redondas","Yolanda Campos"],"articleSection":["\u00e1lbum de La R\u00eaverie","m\u00fasica"],"inLanguage":"es","potentialAction":[{"@type":"CommentAction","name":"Comment","target":["https:\/\/reflejarte.es\/lareverie\/concierto-presentacion-de-canciones-redondas-rounded-songs\/#respond"]}]},{"@type":"WebPage","@id":"https:\/\/reflejarte.es\/lareverie\/concierto-presentacion-de-canciones-redondas-rounded-songs\/","url":"https:\/\/reflejarte.es\/lareverie\/concierto-presentacion-de-canciones-redondas-rounded-songs\/","name":"Presentaci\u00f3n de Canciones Redondas - Rounded Songs en Granada, 22-12-2018 &#183; La R\u00eaverie","isPartOf":{"@id":"https:\/\/reflejarte.es\/lareverie\/#website"},"primaryImageOfPage":{"@id":"https:\/\/reflejarte.es\/lareverie\/concierto-presentacion-de-canciones-redondas-rounded-songs\/#primaryimage"},"image":{"@id":"https:\/\/reflejarte.es\/lareverie\/concierto-presentacion-de-canciones-redondas-rounded-songs\/#primaryimage"},"thumbnailUrl":"https:\/\/reflejarte.es\/lareverie\/wp-content\/uploads\/2018\/12\/Lareverie-albumROUNDEDSONGS.png","datePublished":"2018-12-16T16:52:52+00:00","dateModified":"2022-04-10T08:54:36+00:00","description":"Presentaci\u00f3n de Canciones Redondas - Rounded Songs en Granada, 22-12-2018 &#183; La R\u00eaverie &#183; La R\u00eaverie en concierto en La Tertulia de Granada &#183; Poemas de Lorca con m\u00fasica de La R\u00eaverie","breadcrumb":{"@id":"https:\/\/reflejarte.es\/lareverie\/concierto-presentacion-de-canciones-redondas-rounded-songs\/#breadcrumb"},"inLanguage":"es","potentialAction":[{"@type":"ReadAction","target":["https:\/\/reflejarte.es\/lareverie\/concierto-presentacion-de-canciones-redondas-rounded-songs\/"]}]},{"@type":"ImageObject","inLanguage":"es","@id":"https:\/\/reflejarte.es\/lareverie\/concierto-presentacion-de-canciones-redondas-rounded-songs\/#primaryimage","url":"https:\/\/reflejarte.es\/lareverie\/wp-content\/uploads\/2018\/12\/Lareverie-albumROUNDEDSONGS.png","contentUrl":"https:\/\/reflejarte.es\/lareverie\/wp-content\/uploads\/2018\/12\/Lareverie-albumROUNDEDSONGS.png","width":1263,"height":418,"caption":"La Reverie : album ROUNDED SONGS \u00b7 CANCIONES REDONDAS"},{"@type":"BreadcrumbList","@id":"https:\/\/reflejarte.es\/lareverie\/concierto-presentacion-de-canciones-redondas-rounded-songs\/#breadcrumb","itemListElement":[{"@type":"ListItem","position":1,"name":"Inicio","item":"https:\/\/reflejarte.es\/lareverie\/"},{"@type":"ListItem","position":2,"name":"Presentaci\u00f3n de Canciones Redondas &#8211; Rounded Songs en Granada, 22-12-2018"}]},{"@type":"WebSite","@id":"https:\/\/reflejarte.es\/lareverie\/#website","url":"https:\/\/reflejarte.es\/lareverie\/","name":"La R\u00eaverie","description":"pasi\u00f3n por la m\u00fasica bien hecha","publisher":{"@id":"https:\/\/reflejarte.es\/lareverie\/#\/schema\/person\/5c48ca5d852a6ac613afecdcdad33430"},"potentialAction":[{"@type":"SearchAction","target":{"@type":"EntryPoint","urlTemplate":"https:\/\/reflejarte.es\/lareverie\/?s={search_term_string}"},"query-input":{"@type":"PropertyValueSpecification","valueRequired":true,"valueName":"search_term_string"}}],"inLanguage":"es"},{"@type":["Person","Organization"],"@id":"https:\/\/reflejarte.es\/lareverie\/#\/schema\/person\/5c48ca5d852a6ac613afecdcdad33430","name":"La R\u00eaverie","image":{"@type":"ImageObject","inLanguage":"es","@id":"https:\/\/reflejarte.es\/lareverie\/wp-content\/uploads\/2018\/09\/lareverie-logo.jpg","url":"https:\/\/reflejarte.es\/lareverie\/wp-content\/uploads\/2018\/09\/lareverie-logo.jpg","contentUrl":"https:\/\/reflejarte.es\/lareverie\/wp-content\/uploads\/2018\/09\/lareverie-logo.jpg","width":512,"height":512,"caption":"La R\u00eaverie"},"logo":{"@id":"https:\/\/reflejarte.es\/lareverie\/wp-content\/uploads\/2018\/09\/lareverie-logo.jpg"}}]}},"_links":{"self":[{"href":"https:\/\/reflejarte.es\/lareverie\/wp-json\/wp\/v2\/posts\/1624","targetHints":{"allow":["GET"]}}],"collection":[{"href":"https:\/\/reflejarte.es\/lareverie\/wp-json\/wp\/v2\/posts"}],"about":[{"href":"https:\/\/reflejarte.es\/lareverie\/wp-json\/wp\/v2\/types\/post"}],"author":[{"embeddable":true,"href":"https:\/\/reflejarte.es\/lareverie\/wp-json\/wp\/v2\/users\/1"}],"replies":[{"embeddable":true,"href":"https:\/\/reflejarte.es\/lareverie\/wp-json\/wp\/v2\/comments?post=1624"}],"version-history":[{"count":7,"href":"https:\/\/reflejarte.es\/lareverie\/wp-json\/wp\/v2\/posts\/1624\/revisions"}],"predecessor-version":[{"id":1907,"href":"https:\/\/reflejarte.es\/lareverie\/wp-json\/wp\/v2\/posts\/1624\/revisions\/1907"}],"wp:featuredmedia":[{"embeddable":true,"href":"https:\/\/reflejarte.es\/lareverie\/wp-json\/wp\/v2\/media\/1627"}],"wp:attachment":[{"href":"https:\/\/reflejarte.es\/lareverie\/wp-json\/wp\/v2\/media?parent=1624"}],"wp:term":[{"taxonomy":"category","embeddable":true,"href":"https:\/\/reflejarte.es\/lareverie\/wp-json\/wp\/v2\/categories?post=1624"},{"taxonomy":"post_tag","embeddable":true,"href":"https:\/\/reflejarte.es\/lareverie\/wp-json\/wp\/v2\/tags?post=1624"}],"curies":[{"name":"wp","href":"https:\/\/api.w.org\/{rel}","templated":true}]}}