{"id":583,"date":"2017-02-18T12:56:22","date_gmt":"2017-02-18T12:56:22","guid":{"rendered":"http:\/\/reflejarte.es\/DeutschamStrand\/?p=583"},"modified":"2023-11-14T14:59:39","modified_gmt":"2023-11-14T14:59:39","slug":"abc-lied","status":"publish","type":"post","link":"https:\/\/reflejarte.es\/DeutschamStrand\/es\/abc-lied\/","title":{"rendered":"La canci\u00f3n del ABC \u00b7 mp3"},"content":{"rendered":"<p><span style='color: #fd6300;position: relative; top: -25px; bottom: -45px;'>\u00daltima actualizaci\u00f3n: 14\/11\/2023<\/span> <a href=\"https:\/\/reflejarte.es\/DeutschamStrand\/de\/abc-lied\/\" target=\"_blank\" rel=\"noopener\"><img loading=\"lazy\" decoding=\"async\" class=\"alignright wp-image-3689 size-full\" title=\"leer en alem\u00e1n - auf Deutsch lesen\" src=\"https:\/\/reflejarte.es\/DeutschamStrand\/es\/wp-content\/uploads\/2021\/01\/auf-Deutsch-lesen.png\" alt=\"leer en alem\u00e1n - auf Deutsch lesen\" width=\"182\" height=\"31\" srcset=\"https:\/\/reflejarte.es\/DeutschamStrand\/es\/wp-content\/uploads\/2021\/01\/auf-Deutsch-lesen.png 182w, https:\/\/reflejarte.es\/DeutschamStrand\/es\/wp-content\/uploads\/2021\/01\/auf-Deutsch-lesen-150x26.png 150w\" sizes=\"auto, (max-width: 182px) 100vw, 182px\" \/><\/a><img loading=\"lazy\" decoding=\"async\" class=\"size-thumbnail wp-image-337 aligncenter\" src=\"https:\/\/reflejarte.es\/DeutschamStrand\/es\/wp-content\/uploads\/2013\/10\/abc-lied-150x150.gif\" alt=\"ABC-Lied\" width=\"150\" height=\"150\" \/><\/p>\n<h1 style=\"text-align: center;\">La canci\u00f3n del abecedario<\/h1>\n<p style=\"text-align: center;\">TRANSCRIPCI\u00d3N:<\/p>\n<p style=\"text-align: center;\">A Be Ce De E eF Ge,<br \/>\nHa I Jot Ka eL eM eN O Pe,<br \/>\nQu eR eS Te U Vau We,<br \/>\niX Ypsilon Zet. Juchhe!<br \/>\nJa, das ist das ABC.<br \/>\nKomm, wir wiederholen!<\/p>\n<p>&nbsp;<\/p>\n<audio class=\"wp-audio-shortcode\" id=\"audio-583-1\" preload=\"none\" style=\"width: 100%;\" controls=\"controls\"><source type=\"audio\/mpeg\" src=\"https:\/\/reflejarte.es\/DeutschamStrand\/es\/wp-content\/uploads\/2017\/02\/song.mp3?_=1\" \/><a href=\"https:\/\/reflejarte.es\/DeutschamStrand\/es\/wp-content\/uploads\/2017\/02\/song.mp3\">https:\/\/reflejarte.es\/DeutschamStrand\/es\/wp-content\/uploads\/2017\/02\/song.mp3<\/a><\/audio>\n<p>(canci\u00f3n mp3, 860 KB)<\/p>\n<div id=\"attachment_664\" style=\"width: 310px\" class=\"wp-caption alignright\"><a href=\"https:\/\/reflejarte.es\/DeutschamStrand\/es\/wp-content\/uploads\/2017\/02\/ABC-lied-1.png\"><img loading=\"lazy\" decoding=\"async\" aria-describedby=\"caption-attachment-664\" class=\"size-medium wp-image-664\" src=\"https:\/\/reflejarte.es\/DeutschamStrand\/es\/wp-content\/uploads\/2017\/02\/ABC-lied-1-300x130.png\" alt=\"ABC-Lied\" width=\"300\" height=\"130\" srcset=\"https:\/\/reflejarte.es\/DeutschamStrand\/es\/wp-content\/uploads\/2017\/02\/ABC-lied-1-300x130.png 300w, https:\/\/reflejarte.es\/DeutschamStrand\/es\/wp-content\/uploads\/2017\/02\/ABC-lied-1.png 567w\" sizes=\"auto, (max-width: 300px) 100vw, 300px\" \/><\/a><p id=\"caption-attachment-664\" class=\"wp-caption-text\">para descargar hacer clic en la imagen<\/p><\/div>\n<p>Escucha y canta el abecedario en alem\u00e1n.<br \/>\n\u00bfYa te lo sabes de memoria?<\/p>\n<p>As\u00ed hay que pronunciarlo:<\/p>\n<p>Aaaaa Beee TSeee Deee Eeee\u00a0 eF GUeee,<br \/>\nHaaa Iiii Yot Kaa eL eM eN Oooo Peeee,<br \/>\nQuuu eR eS Teee Uuuu Fau Weee,<br \/>\niX \u00dcpsilon TSet.\u00a0\u00a0\u00a0\u00a0\u00a0 Juchhee!\u00a0\u00a0\u00a0\u00a0\u00a0\u00a0\u00a0\u00a0\u00a0\u00a0 (Yupi!)<br \/>\nJa, das ist das AaaaBeeeeCeeee.\u00a0\u00a0\u00a0\u00a0 (S\u00ed, esto es el ABC.)<br \/>\nKomm, wir wiederholen!\u00a0\u00a0\u00a0\u00a0\u00a0\u00a0\u00a0\u00a0\u00a0\u00a0\u00a0\u00a0\u00a0\u00a0\u00a0\u00a0\u00a0 (Venga, \u00a1volvamos a empezar!)<\/p>\n<p>&nbsp;<\/p>\n<p>En la transcripci\u00f3n ves muuuuuuchas vocales: lo hemos puesto as\u00ed porque esas vocales deben pronunciarse muy laaaaargas en esas letras! Intenta hacerlas laaaargas t\u00fa tambi\u00e9n, para que suene alem\u00e1n.<\/p>\n<p>El idioma espa\u00f1ol no conoce la diferencia entre vocales largas y cortas.<br \/>\nEl alem\u00e1n, s\u00ed:<br \/>\nno es lo mismo decir [h\u00f6 \u00f6 \u00f6 \u00f6le] (<span style=\"color: #ff0000;\"> H\u00f6hle<\/span>=cueva)\u00a0 que\u00a0 [h\u00f6le] (<span style=\"color: #ff0000;\">H\u00f6lle<\/span>=infierno),<br \/>\n[ra a ate] (<span style=\"color: #ff0000;\">rate<\/span>!=\u00a1 adivina!) o [rate] (<span style=\"color: #ff0000;\">Ratte<span style=\"color: #000000;\">!<\/span><\/span>=\u00a1 rata!)<\/p>\n<p>&nbsp;<\/p>\n<hr \/>\n<hr \/>\n<ul class=\"lcp_catlist\" id=\"lcp_instance_0\"><li><a href=\"https:\/\/reflejarte.es\/DeutschamStrand\/es\/fifi-hilft-bei-der-aussprache\/\">\u00bfC\u00f3mo tiene que sonar esta palabra? \u00bfC\u00f3mo pronunciar en alem\u00e1n?<\/a><\/li><li><a href=\"https:\/\/reflejarte.es\/DeutschamStrand\/es\/wie-lerne-ich-mit-audios_como-aprender-aleman-con-audios\/\">C\u00f3mo aprender alem\u00e1n con audios \u00b7 La importancia de la pronunciaci\u00f3n<\/a><\/li><li class=\"current\"><a href=\"https:\/\/reflejarte.es\/DeutschamStrand\/es\/abc-lied\/\">La canci\u00f3n del ABC \u00b7 mp3<\/a><\/li><li><a href=\"https:\/\/reflejarte.es\/DeutschamStrand\/es\/bauer-hans-hat-einen-hof-old-mac-donald-has-a-farm\/\">La canci\u00f3n de la granja: Bauer Hans hat einen Hof  + mp3<\/a><\/li><li><a href=\"https:\/\/reflejarte.es\/DeutschamStrand\/es\/das-pantomime-lied-%c2%b7-mp3\/\">Canci\u00f3n con pantomima \u00b7 mp3 (Cantar con gestos para practicar conjugaciones)<\/a><\/li><li><a href=\"https:\/\/reflejarte.es\/DeutschamStrand\/es\/morgens-frueh-um-6-kommt-die-kleine-hex-%c2%b7-lied-%c2%b7-mp3\/\">Canci\u00f3n de la Brujita: Morgens fr\u00fch um sechs kommt die kleine Hex&#8217; \u00b7 mp3 \u00b7 fichas<\/a><\/li><li><a href=\"https:\/\/reflejarte.es\/DeutschamStrand\/es\/audio_verbos-modales-en-aleman-conjugar-y-comprender_duerfen-sollen-muessen-wollen-koennen-moegen\/\">Los verbos modales \u00b7 conjugaci\u00f3n y uso, explicaci\u00f3n y ejemplos \u00b7 audio mp3<\/a><\/li><li><a href=\"https:\/\/reflejarte.es\/DeutschamStrand\/es\/didaktisches-lied-mit-gesten-basisstrukturen-cancion-gestos-conjugacion-melodie-haenschen-klein\/\">Canci\u00f3n infantil vers\u00e1til para practicar estructuras, con gestos \u00b7 Melod\u00eda de \u00abH\u00e4nschen klein\u00bb  fichas + audio<\/a><\/li><li><a href=\"https:\/\/reflejarte.es\/DeutschamStrand\/es\/streiten-comic-prosodie-satzakzent\/\">Di\u00e1logo \u00abPelear\u00bb \u00b7 c\u00f3mic \u00abStreiten!?\u00bb (ejercicio de prosodia: palabras enfatizadas) \u00b7 ficha + audio<\/a><\/li><li><a href=\"https:\/\/reflejarte.es\/DeutschamStrand\/es\/lieder-und-songs-auf-deutsch\/\">Canciones para aprender alem\u00e1n<\/a><\/li><li><a href=\"https:\/\/reflejarte.es\/DeutschamStrand\/es\/kinderlied-zum-tagesablauf-aufstehen-duschen-kleider-anziehen-ich-kann-alles-schon-allein\/\">Canci\u00f3n infantil DaF sobre rutinas diarias &#8216;Aufstehen, duschen, Kleider anziehen&#8230; Ich kann alles schon allein&#8217;<\/a><\/li><li><a href=\"https:\/\/reflejarte.es\/DeutschamStrand\/es\/orthographie-vs-aussprache-nuetzliche-informationen-zur-deutschen-rechtschreibung\/\">Escritura vs pronunciaci\u00f3n \u00b7 Las dificultades de la ortograf\u00eda alemana \u00b7 mp3<\/a><\/li><li><a href=\"https:\/\/reflejarte.es\/DeutschamStrand\/es\/unregelmaessige-starke-verben-deutsch_listado-verbos-irregulares-aleman-audio\/\">Verbos irregulares, fuertes, del alem\u00e1n \u00b7 listado con audio+pdf \u00b7 verbos base y derivados<\/a><\/li><li><a href=\"https:\/\/reflejarte.es\/DeutschamStrand\/es\/a1-0-personalpronomen-in-bild-person-geste-farbe-ton-schrift-anfaenger-kinder\/\">ich, du, er, sie, es&#8230; <b>Los pronombres personales alemanes<\/b> \u00b7 Quiz con imagen (persona, gesto, color) + sonido + graf\u00eda<\/a><\/li><li><a href=\"https:\/\/reflejarte.es\/DeutschamStrand\/es\/wie-kann-ich-schnell-und-effektiv-deutsch-lernen_como-aprender-aleman-con-rapidez-y-eficacia\/\">C\u00f3mo aprender alem\u00e1n r\u00e1pidamente y con eficacia<\/a><\/li><li><a href=\"https:\/\/reflejarte.es\/DeutschamStrand\/es\/tipps-deutsch-unterrichten-ohne-daf-ausbildung\/\">Consejos para ense\u00f1ar alem\u00e1n sin tener formaci\u00f3n did\u00e1ctica DaF<br>Tipps: Deutsch erfolgreich unterrichten ohne DaF-Ausbildung<\/a><\/li><\/ul>\n","protected":false},"excerpt":{"rendered":"<p>La canci\u00f3n del abecedario TRANSCRIPCI\u00d3N: A Be Ce De E eF Ge, Ha I Jot Ka eL eM eN O Pe, Qu eR eS Te U Vau We, iX Ypsilon Zet. Juchhe! Ja, das ist das ABC. Komm, wir wiederholen! &nbsp; (canci\u00f3n mp3, 860 KB) Escucha y canta el abecedario&#8230;<\/p>\n<p> <a class=\"continue-reading-link\" href=\"https:\/\/reflejarte.es\/DeutschamStrand\/es\/abc-lied\/\"><span>seguir leyendo &#8230;<\/span><i class=\"crycon-right-dir\"><\/i><\/a> <\/p>\n","protected":false},"author":4,"featured_media":664,"comment_status":"open","ping_status":"closed","sticky":false,"template":"","format":"standard","meta":{"footnotes":""},"categories":[311,331,376,382,378,359,379,347,332,923,329,327,344,385],"tags":[312,375,383,377,380,384,340,409,345,381],"class_list":["post-583","post","type-post","status-publish","format-standard","has-post-thumbnail","hentry","category-a1","category-lernen-deutsch_aprender-aleman","category-audio-mp3","category-lieder-deutsch_canciones-en-aleman","category-didaktisches-kinderlied-cancion-infantil-didactica","category-lehren_ensenar-aleman","category-erklaerung_explicacion","category-phonetik-deutsch_fonetica-alemana","category-bildmaterial_material-grafico","category-strukturen-ueben-mit-audio-para-memorizar-estructuras","category-vorschule_jardin-infancia_escuela-infantil","category-grundschule_escuela-basica","category-aussprache-deutsch_pronunciacion-aleman","category-transkription","tag-a1","tag-abc_alfabeto-aleman","tag-lied_cancion-alemana","tag-didaktische-lieder-deutsch_canciones-didacticas-aleman","tag-kinderlieder-deutsch_canciones-infantiles-alemanas","tag-singen_cantar","tag-sprachvergleich-de-es_comparativa-es-de","tag-ehrenamtlich-deutsch-unterrichten_impartir-aleman-sin-formacion-didactica","tag-aussprache-deutsch_pronunciacion-aleman","tag-lange-vokale-deutsch_vocales-largas-aleman"],"_links":{"self":[{"href":"https:\/\/reflejarte.es\/DeutschamStrand\/es\/wp-json\/wp\/v2\/posts\/583","targetHints":{"allow":["GET"]}}],"collection":[{"href":"https:\/\/reflejarte.es\/DeutschamStrand\/es\/wp-json\/wp\/v2\/posts"}],"about":[{"href":"https:\/\/reflejarte.es\/DeutschamStrand\/es\/wp-json\/wp\/v2\/types\/post"}],"author":[{"embeddable":true,"href":"https:\/\/reflejarte.es\/DeutschamStrand\/es\/wp-json\/wp\/v2\/users\/4"}],"replies":[{"embeddable":true,"href":"https:\/\/reflejarte.es\/DeutschamStrand\/es\/wp-json\/wp\/v2\/comments?post=583"}],"version-history":[{"count":0,"href":"https:\/\/reflejarte.es\/DeutschamStrand\/es\/wp-json\/wp\/v2\/posts\/583\/revisions"}],"wp:featuredmedia":[{"embeddable":true,"href":"https:\/\/reflejarte.es\/DeutschamStrand\/es\/wp-json\/wp\/v2\/media\/664"}],"wp:attachment":[{"href":"https:\/\/reflejarte.es\/DeutschamStrand\/es\/wp-json\/wp\/v2\/media?parent=583"}],"wp:term":[{"taxonomy":"category","embeddable":true,"href":"https:\/\/reflejarte.es\/DeutschamStrand\/es\/wp-json\/wp\/v2\/categories?post=583"},{"taxonomy":"post_tag","embeddable":true,"href":"https:\/\/reflejarte.es\/DeutschamStrand\/es\/wp-json\/wp\/v2\/tags?post=583"}],"curies":[{"name":"wp","href":"https:\/\/api.w.org\/{rel}","templated":true}]}}