{"id":1181,"date":"2020-12-01T17:33:41","date_gmt":"2020-12-01T17:33:41","guid":{"rendered":"http:\/\/reflejarte.es\/DeutschamStrand\/?p=1181"},"modified":"2023-11-24T18:21:53","modified_gmt":"2023-11-24T18:21:53","slug":"arbeitsblatt-weihnachtslieder-fuer-kinder-villancicos-alemanes","status":"publish","type":"post","link":"https:\/\/reflejarte.es\/DeutschamStrand\/es\/arbeitsblatt-weihnachtslieder-fuer-kinder-villancicos-alemanes\/","title":{"rendered":"Villancicos alemanes para ni\u00f1os y principiantes \u00b7 5 fichas de trabajo con ilustraciones, textos didactizados"},"content":{"rendered":"<p><span style='color: #fd6300;position: relative; top: -25px; bottom: -45px;'>\u00daltima actualizaci\u00f3n: 24\/11\/2023<\/span> <a href=\"https:\/\/reflejarte.es\/DeutschamStrand\/de\/arbeitsblatt-weihnachtslieder-fuer-kinder-villancicos-alemanes\/\" target=\"_blank\" rel=\"noopener\"><img loading=\"lazy\" decoding=\"async\" class=\"alignright wp-image-3689 size-full\" title=\"leer en alem\u00e1n - auf Deutsch lesen\" src=\"https:\/\/reflejarte.es\/DeutschamStrand\/es\/wp-content\/uploads\/2021\/01\/auf-Deutsch-lesen.png\" alt=\"leer en alem\u00e1n - auf Deutsch lesen\" width=\"182\" height=\"31\" srcset=\"https:\/\/reflejarte.es\/DeutschamStrand\/es\/wp-content\/uploads\/2021\/01\/auf-Deutsch-lesen.png 182w, https:\/\/reflejarte.es\/DeutschamStrand\/es\/wp-content\/uploads\/2021\/01\/auf-Deutsch-lesen-150x26.png 150w\" sizes=\"auto, (max-width: 182px) 100vw, 182px\" \/><\/a><\/p>\n<h3 style=\"text-align: center;\"><\/h3>\n<h1><\/h1>\n<h1 style=\"text-align: center;\">Canciones de invierno y villancicos alemanes<br \/>\npara principiantes y edad preescolar (A1)<\/h1>\n<h2 style=\"text-align: center;\">Winterlieder und Weihnachtslieder<\/h2>\n<h4 style=\"text-align: center;\"><\/h4>\n<p style=\"text-align: center;\"><img loading=\"lazy\" decoding=\"async\" class=\"wp-image-120 size-full aligncenter\" style=\"border: 0 none; margin-top: 10px; margin-bottom: 10px;\" title=\"Ich geh mit meiner Laterne... ein Winterlied\" src=\"https:\/\/reflejarte.es\/DeutschamStrand\/es\/wp-content\/uploads\/2012\/11\/laternenumzug.jpg\" alt=\"Ich geh mit meiner Laterne... ein Winterlied\" width=\"288\" height=\"175\" \/><\/p>\n<h4 style=\"text-align: center;\"><\/h4>\n<h3 style=\"text-align: center;\">Hojas de trabajo:<br \/>\nCanciones de Navidad \/villancicos alemanes en im\u00e1genes<\/h3>\n<h3><\/h3>\n<p style=\"text-align: center;\">Aqu\u00ed te ofrecemos las letras de 5 entra\u00f1ables villancicos alemanes, muy conocidos<br \/>\n(algunos ligeramente adaptados a las necesidades did\u00e1cticas del nivel A1):<\/p>\n<p>&nbsp;<\/p>\n<p style=\"text-align: center;\"><strong>Laterne, Laterne<\/strong> (Farolillo, farolillo)<br \/>\n<strong> Ich geh mit meiner Laterne <\/strong>(Voy con mi farolillo)<br \/>\n<strong> O Tannenbaum <\/strong>(La canci\u00f3n del abeto)<br \/>\n<strong> Morgen kommt der Weihnachtsmann<\/strong> (Ma\u00f1ana llega Pap\u00e1 Noel)<br \/>\n<strong>Schneeflocke, Schneefl\u00f6ckchen\u00a0 (Copito de nieve)<\/strong><\/p>\n<p>&nbsp;<\/p>\n<p style=\"text-align: left;\">En Navidades, a la gente le gusta encender velas y luces. En Alemania, la \u00e9poca navide\u00f1a suele empezar -como muy tarde- a principios de diciembre, cuando ya oscurece muy pronto, sobre las 5 de la tarde.<\/p>\n<p style=\"text-align: left;\">Alrededor del d\u00eda de San Nicol\u00e1s (Nikolaustag, d\u00eda 6 de diciembre), los ni\u00f1os se fabrican unos farolillos de papel, con una velita dentro, y se pasean en grupo por las calles, al anochecer, cantando villancicos. Es una costumbre entra\u00f1able, llena de magia.<\/p>\n<p>Tambi\u00e9n en nuestros cursos infantiles, los ni\u00f1os se hacen sus propios farolillos, encendemos las velas y nos paseamos cantando por el jard\u00edn de la escuela.<\/p>\n<p>&nbsp;<\/p>\n<h4><\/h4>\n<hr \/>\n<h4><\/h4>\n<p>Las hojas de trabajo A recogen estas canciones, muy sencillas: las im\u00e1genes ayudan a memorizar el texto incluso sin saber escribir ni leer.<br \/>\nSe pueden recortar las partes y volver a pegarlas respetando el ritmo de la canci\u00f3n (como en el ejemplo B).<\/p>\n<h4><img loading=\"lazy\" decoding=\"async\" class=\"aligncenter wp-image-127 \" title=\"der Stern, die Sterne\" src=\"https:\/\/reflejarte.es\/DeutschamStrand\/es\/wp-content\/uploads\/2012\/11\/stern.jpg\" alt=\"der Stern, die Sterne\" width=\"46\" height=\"46\" \/><\/h4>\n<p style=\"text-align: left;\"><strong>Hojas de trabajo A<\/strong><br \/>\nEstas im\u00e1genes representan los textos de los 4 villancicos alemanes propuestos.<br \/>\n1) Imprime las im\u00e1genes (para cada ni\u00f1o 2 hojas A4, en color);<br \/>\n2) Luego conviene separar las 4 canciones (tienen los m\u00e1rgenes se\u00f1alados con bordes diferentes) antes de repartir las copias.<br \/>\n3) Los ni\u00f1os recortan los cuadraditos y los pegan en los textos que se encuentran debajo. (B)<\/p>\n<div id=\"attachment_369\" style=\"width: 852px\" class=\"wp-caption aligncenter\"><a href=\"https:\/\/reflejarte.es\/DeutschamStrand\/es\/wp-content\/uploads\/2013\/12\/weihnachtslieder-in-bildern2.jpg\"><img loading=\"lazy\" decoding=\"async\" aria-describedby=\"caption-attachment-369\" class=\"wp-image-369 size-full\" src=\"https:\/\/reflejarte.es\/DeutschamStrand\/es\/wp-content\/uploads\/2013\/12\/weihnachtslieder-in-bildern2.jpg\" alt=\"Weihnachtslieder in Bildern 1 von comunicArte.de\" width=\"842\" height=\"578\" srcset=\"https:\/\/reflejarte.es\/DeutschamStrand\/es\/wp-content\/uploads\/2013\/12\/weihnachtslieder-in-bildern2.jpg 842w, https:\/\/reflejarte.es\/DeutschamStrand\/es\/wp-content\/uploads\/2013\/12\/weihnachtslieder-in-bildern2-300x206.jpg 300w, https:\/\/reflejarte.es\/DeutschamStrand\/es\/wp-content\/uploads\/2013\/12\/weihnachtslieder-in-bildern2-768x527.jpg 768w\" sizes=\"auto, (max-width: 842px) 100vw, 842px\" \/><\/a><p id=\"caption-attachment-369\" class=\"wp-caption-text\">Weihnachtslieder in Bildern von comunicArte.de &#8211; Teil 1<\/p><\/div>\n<div id=\"attachment_364\" style=\"width: 852px\" class=\"wp-caption aligncenter\"><a href=\"https:\/\/reflejarte.es\/DeutschamStrand\/es\/wp-content\/uploads\/2013\/12\/weihnachtslieder-in-bildern1.jpg\"><img loading=\"lazy\" decoding=\"async\" aria-describedby=\"caption-attachment-364\" class=\"wp-image-364 size-full\" src=\"https:\/\/reflejarte.es\/DeutschamStrand\/es\/wp-content\/uploads\/2013\/12\/weihnachtslieder-in-bildern1.jpg\" alt=\"Weihnachtslieder in Bildern 2 von comunicArte.de\" width=\"842\" height=\"578\" srcset=\"https:\/\/reflejarte.es\/DeutschamStrand\/es\/wp-content\/uploads\/2013\/12\/weihnachtslieder-in-bildern1.jpg 842w, https:\/\/reflejarte.es\/DeutschamStrand\/es\/wp-content\/uploads\/2013\/12\/weihnachtslieder-in-bildern1-300x206.jpg 300w, https:\/\/reflejarte.es\/DeutschamStrand\/es\/wp-content\/uploads\/2013\/12\/weihnachtslieder-in-bildern1-768x527.jpg 768w\" sizes=\"auto, (max-width: 842px) 100vw, 842px\" \/><\/a><p id=\"caption-attachment-364\" class=\"wp-caption-text\">Weihnachtslieder in Bildern von comunicArte.de &#8211; Teil 2<\/p><\/div>\n<p>&nbsp;<\/p>\n<p><strong>Hojas de trabajo B: <\/strong><\/p>\n<p>Por encima de los textos se pegan las im\u00e1genes correspondientes a las palabras.<br \/>\nTambi\u00e9n sirven si los ni\u00f1os todav\u00eda no saben leer: el texto les marca el ritmo y se\u00f1ala d\u00f3nde hay que poner el siguiente cuadradito.<\/p>\n<p>Pulsa sobre las im\u00e1genes para aumentarlas y descargarlas.<\/p>\n<p><span style=\"color: #ccffcc;\">..<a href=\"https:\/\/reflejarte.es\/DeutschamStrand\/es\/wp-content\/uploads\/2013\/12\/ich-geh-mit-meiner-laterne-text.jpg\" target=\"_blank\" rel=\"noopener noreferrer\"><img loading=\"lazy\" decoding=\"async\" class=\"alignleft wp-image-365\" style=\"margin: 30px; border: 1px solid black;\" title=\"Ich geh mit meiner Laterne (Text zum Einkleben der Bilder)\" src=\"https:\/\/reflejarte.es\/DeutschamStrand\/es\/wp-content\/uploads\/2013\/12\/ich-geh-mit-meiner-laterne-text.jpg\" alt=\"Ich geh mit meiner Laterne (Text zum Einkleben der Bilder)\" width=\"338\" height=\"478\" srcset=\"https:\/\/reflejarte.es\/DeutschamStrand\/es\/wp-content\/uploads\/2013\/12\/ich-geh-mit-meiner-laterne-text.jpg 827w, https:\/\/reflejarte.es\/DeutschamStrand\/es\/wp-content\/uploads\/2013\/12\/ich-geh-mit-meiner-laterne-text-212x300.jpg 212w, https:\/\/reflejarte.es\/DeutschamStrand\/es\/wp-content\/uploads\/2013\/12\/ich-geh-mit-meiner-laterne-text-724x1024.jpg 724w, https:\/\/reflejarte.es\/DeutschamStrand\/es\/wp-content\/uploads\/2013\/12\/ich-geh-mit-meiner-laterne-text-768x1086.jpg 768w\" sizes=\"auto, (max-width: 338px) 100vw, 338px\" \/><\/a>.<a href=\"https:\/\/reflejarte.es\/DeutschamStrand\/es\/wp-content\/uploads\/2013\/12\/laternelaternetext.jpg\" target=\"_blank\" rel=\"noopener noreferrer\"><img loading=\"lazy\" decoding=\"async\" class=\"alignleft wp-image-368\" style=\"border: 1px solid black; margin: 30px;\" title=\"Laterne, Laterne... (Text zum Einkleben der Bilder)\" src=\"https:\/\/reflejarte.es\/DeutschamStrand\/es\/wp-content\/uploads\/2013\/12\/laternelaternetext.jpg\" alt=\"Laterne, Laterne (Text zum Einkleben der Bilder - texto para pegar las im\u00e1genes)\" width=\"339\" height=\"479\" srcset=\"https:\/\/reflejarte.es\/DeutschamStrand\/es\/wp-content\/uploads\/2013\/12\/laternelaternetext.jpg 827w, https:\/\/reflejarte.es\/DeutschamStrand\/es\/wp-content\/uploads\/2013\/12\/laternelaternetext-212x300.jpg 212w, https:\/\/reflejarte.es\/DeutschamStrand\/es\/wp-content\/uploads\/2013\/12\/laternelaternetext-724x1024.jpg 724w, https:\/\/reflejarte.es\/DeutschamStrand\/es\/wp-content\/uploads\/2013\/12\/laternelaternetext-768x1086.jpg 768w\" sizes=\"auto, (max-width: 339px) 100vw, 339px\" \/><\/a>..<a style=\"color: #ccffcc;\" href=\"https:\/\/reflejarte.es\/DeutschamStrand\/es\/wp-content\/uploads\/2013\/12\/ich-geh-mit-meiner-laterne-text.jpg\" target=\"_blank\" rel=\"noopener noreferrer\">.<\/a><\/span><\/p>\n<p>1) Ich geh mit meiner Laterne&#8230; <a href=\"https:\/\/www.youtube.com\/watch?v=vxVBzIR9OnA\" target=\"_blank\" rel=\"noopener\">escuchar<\/a><\/p>\n<p>2) Laterne, Laterne&#8230;.\u00a0 <a href=\"https:\/\/www.youtube.com\/watch?v=6cV1o_JlgWY\" target=\"_blank\" rel=\"noopener\">escuchar<\/a><\/p>\n<p>3) O Tannenbaum &#8230;.\u00a0\u00a0 <a href=\"https:\/\/www.youtube.com\/watch?v=cSfcvPyejj8\" target=\"_blank\" rel=\"noopener\">escuchar<\/a><\/p>\n<p>4) Morgen kommt der Weihnachtsmann&#8230; <a href=\"https:\/\/reflejarte.es\/DeutschamStrand\/es\/wp-content\/uploads\/2013\/12\/otannenbaumtext.jpg\"><img loading=\"lazy\" decoding=\"async\" class=\"alignleft wp-image-367\" title=\"O Tannenbaum (Text zum Einkleben der Bilder \u2013 texto para pegar las im\u00e1genes)\" src=\"https:\/\/reflejarte.es\/DeutschamStrand\/es\/wp-content\/uploads\/2013\/12\/otannenbaumtext.jpg?w=424\" alt=\"O Tannenbaum (Text zum Einkleben der Bilder \u2013 texto para pegar las im\u00e1genes)\" width=\"337\" height=\"477\" srcset=\"https:\/\/reflejarte.es\/DeutschamStrand\/es\/wp-content\/uploads\/2013\/12\/otannenbaumtext.jpg 827w, https:\/\/reflejarte.es\/DeutschamStrand\/es\/wp-content\/uploads\/2013\/12\/otannenbaumtext-212x300.jpg 212w, https:\/\/reflejarte.es\/DeutschamStrand\/es\/wp-content\/uploads\/2013\/12\/otannenbaumtext-724x1024.jpg 724w, https:\/\/reflejarte.es\/DeutschamStrand\/es\/wp-content\/uploads\/2013\/12\/otannenbaumtext-768x1086.jpg 768w\" sizes=\"auto, (max-width: 337px) 100vw, 337px\" \/><\/a><a href=\"https:\/\/reflejarte.es\/DeutschamStrand\/es\/wp-content\/uploads\/2013\/12\/morgen-kommt-der-weihnachtsmanntext.jpg\"><img loading=\"lazy\" decoding=\"async\" class=\"alignleft wp-image-366\" title=\"Morgen kommt der Weihnachtsmann (Text zum Einkleben der Bilder \u2013 texto para pegar las im\u00e1genes)\" src=\"https:\/\/reflejarte.es\/DeutschamStrand\/es\/wp-content\/uploads\/2013\/12\/morgen-kommt-der-weihnachtsmanntext.jpg?w=424\" alt=\"Morgen kommt der Weihnachtsmann (Text zum Einkleben der Bilder \u2013 texto para pegar las im\u00e1genes)\" width=\"337\" height=\"476\" srcset=\"https:\/\/reflejarte.es\/DeutschamStrand\/es\/wp-content\/uploads\/2013\/12\/morgen-kommt-der-weihnachtsmanntext.jpg 827w, https:\/\/reflejarte.es\/DeutschamStrand\/es\/wp-content\/uploads\/2013\/12\/morgen-kommt-der-weihnachtsmanntext-212x300.jpg 212w, https:\/\/reflejarte.es\/DeutschamStrand\/es\/wp-content\/uploads\/2013\/12\/morgen-kommt-der-weihnachtsmanntext-724x1024.jpg 724w, https:\/\/reflejarte.es\/DeutschamStrand\/es\/wp-content\/uploads\/2013\/12\/morgen-kommt-der-weihnachtsmanntext-768x1086.jpg 768w\" sizes=\"auto, (max-width: 337px) 100vw, 337px\" \/><\/a><a href=\"https:\/\/www.youtube.com\/watch?v=1l7ENj4BVVA\" target=\"_blank\" rel=\"noopener\">escuchar<\/a><\/p>\n<p>&nbsp;<\/p>\n<p style=\"text-align: left;\"><span style=\"color: #ffffff;\"><span style=\"color: #000000;\">(hojas con los textos para pegar las im\u00e1genes)<\/span><\/span><\/p>\n<p style=\"text-align: left;\"><span style=\"color: #ffffff;\"><span style=\"color: #000000;\">Pulsa sobre las im\u00e1genes para aumentarlas y descargarlas.<br \/>\n<\/span><\/span><\/p>\n<h4 style=\"text-align: left;\"><\/h4>\n<h4><\/h4>\n<h4><\/h4>\n<h4 style=\"text-align: center;\"><img loading=\"lazy\" decoding=\"async\" class=\"wp-image-127 aligncenter\" style=\"border: 0 none;\" title=\"der Stern, die Sterne\" src=\"https:\/\/reflejarte.es\/DeutschamStrand\/es\/wp-content\/uploads\/2012\/11\/stern.jpg\" alt=\"der Stern, die Sterne\" width=\"16\" height=\"16\" \/><\/h4>\n<p>Para aprenderse m\u00e1s f\u00e1cilmente las letras, conviene acompa\u00f1ar el canto con gestos y movimientos o se\u00f1alando las ilustraciones.<br \/>\nLos videos instrumentales (enlaces a youtube) os sirven como fondo para cantar.<\/p>\n<p>Los farolillos son muy f\u00e1ciles de fabricar: lo explicaremos en una entrada m\u00e1s adelante.<br \/>\nAl final de cada clase en diciembre solemos dedicar unos 10 minutos a pasearnos por el jard\u00edn, cada ni\u00f1o con su &#8216;Laterne&#8217; hecha por \u00e9l mismo, con las velas encendidas, y cantando los villancicos. Un momento m\u00e1gico.<\/p>\n<p>&nbsp;<\/p>\n<hr \/>\n<h4><img loading=\"lazy\" decoding=\"async\" class=\"wp-image-127 aligncenter\" title=\"der Stern, die Sterne\" src=\"https:\/\/reflejarte.es\/DeutschamStrand\/es\/wp-content\/uploads\/2012\/11\/stern.jpg\" alt=\"der Stern, die Sterne\" width=\"16\" height=\"16\" \/><\/h4>\n<h2 style=\"text-align: center;\"><strong>Las letras de las canciones:<\/strong><\/h2>\n<h4><img loading=\"lazy\" decoding=\"async\" class=\"wp-image-127 aligncenter\" title=\"der Stern, die Sterne\" src=\"https:\/\/reflejarte.es\/DeutschamStrand\/es\/wp-content\/uploads\/2012\/11\/stern.jpg\" alt=\"der Stern, die Sterne\" width=\"16\" height=\"16\" \/><\/h4>\n<h4 style=\"text-align: center;\"><strong>Laterne, Laterne,&#8230;<\/strong><\/h4>\n<p style=\"text-align: left;\"><img loading=\"lazy\" decoding=\"async\" class=\"alignright wp-image-119\" style=\"border: 0 none;\" title=\"die Laterne, die Laternen\" src=\"https:\/\/reflejarte.es\/DeutschamStrand\/es\/wp-content\/uploads\/2012\/11\/laterne.gif?w=150\" alt=\"die Laterne, die Laternen\" width=\"113\" height=\"113\" \/><\/p>\n<h4 style=\"text-align: left;\"><strong><img loading=\"lazy\" decoding=\"async\" class=\"alignleft\" style=\"border: 0 none;\" title=\"die Kerze, die Kerzen\" src=\"https:\/\/reflejarte.es\/DeutschamStrand\/es\/wp-content\/uploads\/2012\/11\/kerze.jpg\" alt=\"die Kerze, die Kerzen\" width=\"103\" height=\"146\" \/><\/strong><\/h4>\n<p>Laterne, Laterne,\u00a0\u00a0\u00a0\u00a0\u00a0\u00a0\u00a0\u00a0\u00a0\u00a0\u00a0 (Farolillo, farolillo,)<br \/>\nSonne, Mond und Sterne. (sol, luna y estrellas.)<br \/>\nBrenne hell, mein Licht! (\u00a1Arde con brillo, mi velita!)<\/p>\n<p>Brenne hell, mein Licht! (\u00a1Arde con brillo, mi velita!)<\/p>\n<p>Aber du, meine liebe Laterne, nicht! (\u00a1Pero no ardas t\u00fa, mi querido farolillo!)<\/p>\n<p style=\"text-align: center;\">Laterne, Laterne, &#8230;<\/p>\n<hr \/>\n<p><img loading=\"lazy\" decoding=\"async\" class=\"aligncenter\" title=\"der Stern, die Sterne\" src=\"https:\/\/reflejarte.es\/DeutschamStrand\/es\/wp-content\/uploads\/2012\/11\/stern.jpg\" alt=\"der Stern, die Sterne\" width=\"22\" height=\"22\" \/><\/p>\n<p style=\"text-align: left;\"><img loading=\"lazy\" decoding=\"async\" class=\"aligncenter\" title=\"der Stern, die Sterne\" src=\"https:\/\/reflejarte.es\/DeutschamStrand\/es\/wp-content\/uploads\/2012\/11\/stern.jpg\" alt=\"der Stern, die Sterne\" width=\"22\" height=\"22\" \/><\/p>\n<h4 style=\"text-align: center;\"><img loading=\"lazy\" decoding=\"async\" class=\"wp-image-127 aligncenter\" style=\"border: 0 none;\" title=\"der Stern, die Sterne\" src=\"https:\/\/reflejarte.es\/DeutschamStrand\/es\/wp-content\/uploads\/2012\/11\/stern.jpg\" alt=\"der Stern, die Sterne\" width=\"16\" height=\"16\" \/><\/h4>\n<h4 style=\"text-align: center;\"><strong>Ich geh mit meiner Laterne&#8230;<\/strong><\/h4>\n<p style=\"text-align: left;\"><img loading=\"lazy\" decoding=\"async\" class=\"wp-image-119 alignleft\" style=\"border: 0 none;\" title=\"die Laterne, die Laternen\" src=\"https:\/\/reflejarte.es\/DeutschamStrand\/es\/wp-content\/uploads\/2012\/11\/laterne.gif?w=150\" alt=\"die Laterne, die Laternen\" width=\"40\" height=\"40\" \/>Ich geh mit meiner Laterne\u00a0\u00a0 (Yo voy con mi farolillo)<\/p>\n<p style=\"text-align: left;\">und meine Laterne mit mir. (y mi farolito va conmigo.)<br \/>\n<img loading=\"lazy\" decoding=\"async\" class=\"alignleft\" style=\"border: 0 none;\" title=\"der Stern, die Sterne\" src=\"https:\/\/reflejarte.es\/DeutschamStrand\/es\/wp-content\/uploads\/2012\/11\/stern.jpg\" alt=\"der Stern, die Sterne\" width=\"22\" height=\"22\" \/>Da oben leuchten die Sterne, (Ah\u00ed arriba lucen las estrellas,)<br \/>\nda unten leuchten wir.\u00a0\u00a0\u00a0\u00a0\u00a0\u00a0\u00a0\u00a0\u00a0\u00a0 (aqu\u00ed abajo iluminamos nosotros.)<br \/>\n<img loading=\"lazy\" decoding=\"async\" class=\"wp-image-118 alignleft\" style=\"border: 0 none;\" title=\"die Kerze, die Kerzen\" src=\"https:\/\/reflejarte.es\/DeutschamStrand\/es\/wp-content\/uploads\/2012\/11\/kerze.jpg\" alt=\"die Kerze, die Kerzen\" width=\"29\" height=\"42\" \/><\/p>\n<p style=\"text-align: left;\">Mein Licht ist aus,\u00a0 (Mi vela se ha apagado,)<br \/>\nich geh nach Haus. (me voy a casa.)<\/p>\n<p style=\"text-align: center;\">Labimmel, labammel, labumm.<\/p>\n<p><img loading=\"lazy\" decoding=\"async\" class=\"aligncenter\" title=\"der Stern, die Sterne\" src=\"https:\/\/reflejarte.es\/DeutschamStrand\/es\/wp-content\/uploads\/2012\/11\/stern.jpg\" alt=\"der Stern, die Sterne\" width=\"22\" height=\"22\" \/><\/p>\n<hr \/>\n<p><img loading=\"lazy\" decoding=\"async\" class=\"aligncenter\" title=\"der Stern, die Sterne\" src=\"https:\/\/reflejarte.es\/DeutschamStrand\/es\/wp-content\/uploads\/2012\/11\/stern.jpg\" alt=\"der Stern, die Sterne\" width=\"22\" height=\"22\" \/><\/p>\n<p><img loading=\"lazy\" decoding=\"async\" class=\"aligncenter wp-image-1191 size-full\" src=\"https:\/\/reflejarte.es\/DeutschamStrand\/es\/wp-content\/uploads\/2018\/10\/weihnachtsbaume.jpg\" alt=\"Weihnachtsb\u00e4ume; Tannenb\u00e4ume\" width=\"110\" height=\"77\" \/><\/p>\n<p style=\"text-align: center;\"><strong>Oh Tannenbaum (\u00a1O abeto!)<br \/>\n<\/strong><\/p>\n<p style=\"text-align: center;\">Oh Tannenbaum, oh Tannenbaum, (\u00a1O abeto!)<br \/>\n<img loading=\"lazy\" decoding=\"async\" class=\"size-medium wp-image-1189 alignright\" src=\"https:\/\/reflejarte.es\/DeutschamStrand\/es\/wp-content\/uploads\/2018\/10\/tannenzweig.jpg\" alt=\"\" width=\"110\" height=\"74\" \/>wie gr\u00fcn sind deine Bl\u00e4tter! (\u00a1Qu\u00e9 verdes est\u00e1n tus hojas!)<br \/>\nDu gr\u00fcnst nicht nur zur Sommerzeit, (No solo est\u00e1s verde en verano,)<br \/>\n<img loading=\"lazy\" decoding=\"async\" class=\"size-medium wp-image-1190 alignleft\" src=\"https:\/\/reflejarte.es\/DeutschamStrand\/es\/wp-content\/uploads\/2018\/10\/verschneit.jpg\" alt=\"\" width=\"110\" height=\"73\" \/>nein, auch im Winter, (sino tambi\u00e9n en invierno)<br \/>\nwenn es schneit! (cuando est\u00e1 nevando.)<img loading=\"lazy\" decoding=\"async\" class=\"size-full wp-image-1187 alignright\" src=\"https:\/\/reflejarte.es\/DeutschamStrand\/es\/wp-content\/uploads\/2018\/10\/es-schneit.jpg\" alt=\"\" width=\"75\" height=\"110\" \/><br \/>\nOh Tannenbaum, oh Tannenbaum,<br \/>\nwie gr\u00fcn sind deine Bl\u00e4tter!<br \/>\n<img loading=\"lazy\" decoding=\"async\" class=\"aligncenter\" title=\"der Stern, die Sterne\" src=\"https:\/\/reflejarte.es\/DeutschamStrand\/es\/wp-content\/uploads\/2012\/11\/stern.jpg\" alt=\"der Stern, die Sterne\" width=\"22\" height=\"22\" \/><img loading=\"lazy\" decoding=\"async\" class=\"aligncenter\" title=\"der Stern, die Sterne\" src=\"https:\/\/reflejarte.es\/DeutschamStrand\/es\/wp-content\/uploads\/2012\/11\/stern.jpg\" alt=\"der Stern, die Sterne\" width=\"22\" height=\"22\" \/><\/p>\n<hr \/>\n<p><img loading=\"lazy\" decoding=\"async\" class=\"aligncenter\" title=\"der Stern, die Sterne\" src=\"https:\/\/reflejarte.es\/DeutschamStrand\/es\/wp-content\/uploads\/2012\/11\/stern.jpg\" alt=\"der Stern, die Sterne\" width=\"22\" height=\"22\" \/><\/p>\n<p style=\"text-align: left;\">En el siguiente villancico hemos variado un poco el texto tradicional, para adaptar los regalos a los tiempos modernos y para que, de camino, el vocabulario sea m\u00e1s \u00fatil para los alumnos.<\/p>\n<p><img loading=\"lazy\" decoding=\"async\" class=\"aligncenter\" title=\"der Stern, die Sterne\" src=\"https:\/\/reflejarte.es\/DeutschamStrand\/es\/wp-content\/uploads\/2012\/11\/stern.jpg\" alt=\"der Stern, die Sterne\" width=\"22\" height=\"22\" \/><\/p>\n<h3><img loading=\"lazy\" decoding=\"async\" class=\"size-full wp-image-206 aligncenter\" title=\"der Adventskalender: der Weihnachtsmann\" src=\"https:\/\/reflejarte.es\/DeutschamStrand\/es\/wp-content\/uploads\/2012\/12\/adventskalender-foto.jpg\" alt=\"Der Adventskalender: der Weihnachtsmann\" width=\"104\" height=\"136\" \/><\/h3>\n<h3 style=\"text-align: center;\">Morgen kommt der Weihnachtsmann&#8230;<\/h3>\n<p style=\"text-align: center;\">Morgen kommt der Weihnachtsmann, (Ma\u00f1ana vendr\u00e1 Pap\u00e1 Noel)<br \/>\nkommt mit seinen Gaben:\u00a0\u00a0\u00a0\u00a0\u00a0\u00a0 (vendr\u00e1 con sus regalos:)<br \/>\nB\u00fccher, Puppe, Ball und B\u00e4r, (libros, mu\u00f1eca, pelota y osito,)<br \/>\nFahrrad, Schlitten und ein Pferd! (bici, trineo y un caballito!)<br \/>\nViele Spiele und noch mehr (Montones de juegos y mucho m\u00e1s)<br \/>\nm\u00f6cht&#8217; ich gerne haben! (es lo que quisiera tener! \/ quiero que me traiga!)<\/p>\n<p>&nbsp;<\/p>\n<p><img loading=\"lazy\" decoding=\"async\" class=\"aligncenter\" title=\"der Stern, die Sterne\" src=\"https:\/\/reflejarte.es\/DeutschamStrand\/es\/wp-content\/uploads\/2012\/11\/stern.jpg\" alt=\"der Stern, die Sterne\" width=\"22\" height=\"22\" \/><\/p>\n<p style=\"text-align: center;\">Tambi\u00e9n pod\u00e9is cantarlo as\u00ed:<\/p>\n<p style=\"text-align: center;\"><span style=\"color: #0000ff;\"><em><strong>Komm bald<\/strong><\/em>, lieber Weihnachtsmann, (Vente pronto, Pap\u00e1 Noel)<\/span><br \/>\n<span style=\"color: #0000ff;\">Komm mit deinen Gaben: (Ven con tus regalos:)<\/span><br \/>\nB\u00fccher, Puppe, Ball und B\u00e4r, (libros, mu\u00f1eca, pelota y osito,)<br \/>\nFahrrad, Schlitten und ein Pferd! (bici, trineo y un caballito!)<br \/>\nViele Spiele und noch mehr (Montones de juegos y mucho m\u00e1s)<br \/>\nm\u00f6cht&#8217; ich gerne haben! (es lo que quisiera tener! \/ quiero que me traigas!)<\/p>\n<p>&nbsp;<\/p>\n<hr \/>\n<p>&nbsp;<\/p>\n<h2 style=\"text-align: center;\"><strong>Schneeflocke, Schneefl\u00f6ckchen<br \/>\n(Copito de nieve)<br \/>\n<\/strong><\/h2>\n<p>&nbsp;<\/p>\n<p>El villancico tradicional \u00abSchneefl\u00f6ckchen, Wei\u00dfr\u00f6ckchen\u00bb (Copito de nieve, trajecito blanco = vestidito de blanco) es m\u00e1s una canci\u00f3n de invierno que de navidad. El texto es muy sencillo y sirve bien para principiantes.\u00a0\u00a0 <a href=\"https:\/\/www.youtube.com\/watch?v=xum2lzULfW0\" target=\"_blank\" rel=\"noopener\">escuchar<\/a>\u00a0\u00a0<a href=\"https:\/\/www.youtube.com\/watch?v=d2e1CuFttLo\" target=\"_blank\" rel=\"noopener\"> escuchar<\/a><\/p>\n<p>Lo hemos adaptado un poco para que no contenga palabras &#8216;in\u00fatiles&#8217;, como \u00abWei\u00dfr\u00f6ckchen\u00bb, un diminutivo creado m\u00e1s bien por la necesidad de la rima y que solo se usa en el contexto de esta canci\u00f3n. (Hoy en d\u00eda, <em>der Rock<\/em> se refiere generalmente a la falda como vestimenta femenina, pero antes designaba el traje\/abrigo de la vestimenta masculina.)<\/p>\n<p>Adem\u00e1s hemos a\u00f1adido una segunda estrofa que sirve para ilustrar el ambiente invernal de Alemania, desde el punto de vista infantil.<\/p>\n<p>La imagen del copito de nieve de la ficha de trabajo es obra de la autora Andrea Thionville, de\u00a0 <a href=\"https:\/\/teddylingua.de\" target=\"_blank\" rel=\"noopener noreferrer\">teddylingua.de<\/a>, una web muy interesante con muchos materiales para la ense\u00f1anza del alem\u00e1n con ni\u00f1os de infantil.<\/p>\n<p>&nbsp;<\/p>\n<p style=\"text-align: center;\">Schneeflocke, Schneefl\u00f6ckchen,\u00a0\u00a0 (Copo de nieve, copito de nieve)<br \/>\nwann kommst du geschneit?\u00a0\u00a0 (\u00bfcu\u00e1ndo llegar\u00e1s nevando?)<br \/>\nDu wohnst in den Wolken,\u00a0\u00a0 (Vives en las nubes,)<br \/>\ndein Weg ist so weit!\u00a0\u00a0 (\u00a1tu camino es muy largo!)<\/p>\n<p style=\"text-align: center;\">Schneeflocke, Schneefl\u00f6ckchen,\u00a0 (Copo de nieve, copito de nieve,)<br \/>\nmal die Erde wei\u00df an!\u00a0\u00a0 (pinta la tierra de blanco.)<br \/>\nUnd dann fahren wir Schlitten\u00a0\u00a0 (y entonces cogemos los trineos)<br \/>\nund bau&#8217;n einen Schneemann!\u00a0\u00a0 (y construimos un mu\u00f1eco de nieve.)<\/p>\n<p>&nbsp;<\/p>\n<p><img loading=\"lazy\" decoding=\"async\" class=\"aligncenter size-large wp-image-2912\" src=\"https:\/\/reflejarte.es\/DeutschamStrand\/es\/wp-content\/uploads\/2018\/10\/SchneeflockeSchneefloeckchen-2Strophen-reflejarte\u00b7es-791x1024.jpg\" alt=\"Schneeflocke, Schneefl\u00f6ckckchen, 2 Strophen \u00b7 didaktisiertes Winterlied reflejarte.es\" width=\"791\" height=\"1024\" srcset=\"https:\/\/reflejarte.es\/DeutschamStrand\/es\/wp-content\/uploads\/2018\/10\/SchneeflockeSchneefloeckchen-2Strophen-reflejarte\u00b7es-791x1024.jpg 791w, https:\/\/reflejarte.es\/DeutschamStrand\/es\/wp-content\/uploads\/2018\/10\/SchneeflockeSchneefloeckchen-2Strophen-reflejarte\u00b7es-232x300.jpg 232w, https:\/\/reflejarte.es\/DeutschamStrand\/es\/wp-content\/uploads\/2018\/10\/SchneeflockeSchneefloeckchen-2Strophen-reflejarte\u00b7es-768x994.jpg 768w, https:\/\/reflejarte.es\/DeutschamStrand\/es\/wp-content\/uploads\/2018\/10\/SchneeflockeSchneefloeckchen-2Strophen-reflejarte\u00b7es-116x150.jpg 116w, https:\/\/reflejarte.es\/DeutschamStrand\/es\/wp-content\/uploads\/2018\/10\/SchneeflockeSchneefloeckchen-2Strophen-reflejarte\u00b7es.jpg 816w\" sizes=\"auto, (max-width: 791px) 100vw, 791px\" \/><\/p>\n<hr \/>\n<p>&nbsp;<\/p>\n<p>&nbsp;<\/p>\n<div id=\"attachment_244\" style=\"width: 528px\" class=\"wp-caption aligncenter\"><a href=\"https:\/\/www.goethe.de\/kue\/prj\/a12\/deindex.htm\" target=\"_blank\" rel=\"noopener noreferrer\"><img loading=\"lazy\" decoding=\"async\" aria-describedby=\"caption-attachment-244\" class=\"wp-image-244 size-full\" title=\"M\u00e4rchen-Adventskalender vom Goethe-Institut\" src=\"https:\/\/reflejarte.es\/DeutschamStrand\/es\/wp-content\/uploads\/2012\/12\/maerchen-adventskalender.gif\" alt=\"M\u00e4rchen-Adventskalender vom Goethe-Institut\" width=\"518\" height=\"518\" \/><\/a><p id=\"caption-attachment-244\" class=\"wp-caption-text\">M\u00e4rchen-Adventskalender vom Goethe-Institut mit Geschichten und M\u00e4rchen-Videos<\/p><\/div>\n<p><img loading=\"lazy\" decoding=\"async\" class=\"aligncenter\" title=\"der Stern, die Sterne\" src=\"https:\/\/reflejarte.es\/DeutschamStrand\/es\/wp-content\/uploads\/2012\/11\/stern.jpg\" alt=\"der Stern, die Sterne\" width=\"22\" height=\"22\" \/><\/p>\n<p><img loading=\"lazy\" decoding=\"async\" class=\"aligncenter\" title=\"der Stern, die Sterne\" src=\"https:\/\/reflejarte.es\/DeutschamStrand\/es\/wp-content\/uploads\/2012\/11\/stern.jpg\" alt=\"der Stern, die Sterne\" width=\"22\" height=\"22\" \/><\/p>\n<div id=\"attachment_234\" style=\"width: 310px\" class=\"wp-caption aligncenter\"><img loading=\"lazy\" decoding=\"async\" aria-describedby=\"caption-attachment-234\" class=\"size-medium wp-image-234\" src=\"https:\/\/reflejarte.es\/DeutschamStrand\/es\/wp-content\/uploads\/2012\/12\/winternebelschneewaldimg_7237-300x225.jpg\" alt=\"verschneite Landstrasse im Winterwald (Foto: klw)\" width=\"300\" height=\"225\" srcset=\"https:\/\/reflejarte.es\/DeutschamStrand\/es\/wp-content\/uploads\/2012\/12\/winternebelschneewaldimg_7237-300x225.jpg 300w, https:\/\/reflejarte.es\/DeutschamStrand\/es\/wp-content\/uploads\/2012\/12\/winternebelschneewaldimg_7237.jpg 600w\" sizes=\"auto, (max-width: 300px) 100vw, 300px\" \/><p id=\"caption-attachment-234\" class=\"wp-caption-text\">verschneite Landstrasse durch den Winterwald <br \/>carretera nevada en un bosque invernal<br \/>(Foto: klw)<\/p><\/div>\n<p>&nbsp;<\/p>\n<p><img loading=\"lazy\" decoding=\"async\" class=\"aligncenter\" title=\"der Stern, die Sterne\" src=\"https:\/\/reflejarte.es\/DeutschamStrand\/es\/wp-content\/uploads\/2012\/11\/stern.jpg\" alt=\"der Stern, die Sterne\" width=\"22\" height=\"22\" \/><\/p>\n<hr \/>\n<ul class=\"lcp_catlist\" id=\"lcp_instance_0\"><li><a href=\"https:\/\/reflejarte.es\/DeutschamStrand\/es\/abc-lied\/\">La canci\u00f3n del ABC \u00b7 mp3<\/a><\/li><li><a href=\"https:\/\/reflejarte.es\/DeutschamStrand\/es\/bauer-hans-hat-einen-hof-old-mac-donald-has-a-farm\/\">La canci\u00f3n de la granja: Bauer Hans hat einen Hof  + mp3<\/a><\/li><li><a href=\"https:\/\/reflejarte.es\/DeutschamStrand\/es\/das-pantomime-lied-%c2%b7-mp3\/\">Canci\u00f3n con pantomima \u00b7 mp3 (Cantar con gestos para practicar conjugaciones)<\/a><\/li><li><a href=\"https:\/\/reflejarte.es\/DeutschamStrand\/es\/morgens-frueh-um-6-kommt-die-kleine-hex-%c2%b7-lied-%c2%b7-mp3\/\">Canci\u00f3n de la Brujita: Morgens fr\u00fch um sechs kommt die kleine Hex&#8217; \u00b7 mp3 \u00b7 fichas<\/a><\/li><li><a href=\"https:\/\/reflejarte.es\/DeutschamStrand\/es\/anfaengerlied-das-ist-gross-und-das-ist-klein\/\">Canci\u00f3n din\u00e1mica gestos y juegos para principiantes \u00abDas ist gro\u00df und das ist klein\u00bb<\/a><\/li><li><a href=\"https:\/\/reflejarte.es\/DeutschamStrand\/es\/didaktisches-lied-mit-gesten-basisstrukturen-cancion-gestos-conjugacion-melodie-haenschen-klein\/\">Canci\u00f3n infantil vers\u00e1til para practicar estructuras, con gestos \u00b7 Melod\u00eda de \u00abH\u00e4nschen klein\u00bb  fichas + audio<\/a><\/li><li><a href=\"https:\/\/reflejarte.es\/DeutschamStrand\/es\/das-ist-trinken-das-ist-essen-didaktisches-lied-mit-gestik-cancion-didactica-con-gestos\/\">&#8216;Das ist trinken, das ist essen&#8217; &#8211; Canci\u00f3n did\u00e1ctica con gestos \u00b7 tem\u00e1tica COMIDA \u00b7 ficha de trabajo<\/a><\/li><li><a href=\"https:\/\/reflejarte.es\/DeutschamStrand\/es\/lieder-und-songs-auf-deutsch\/\">Canciones para aprender alem\u00e1n<\/a><\/li><li><a href=\"https:\/\/reflejarte.es\/DeutschamStrand\/es\/kinderlied-zum-tagesablauf-aufstehen-duschen-kleider-anziehen-ich-kann-alles-schon-allein\/\">Canci\u00f3n infantil DaF sobre rutinas diarias &#8216;Aufstehen, duschen, Kleider anziehen&#8230; Ich kann alles schon allein&#8217;<\/a><\/li><li class=\"current\"><a href=\"https:\/\/reflejarte.es\/DeutschamStrand\/es\/arbeitsblatt-weihnachtslieder-fuer-kinder-villancicos-alemanes\/\">Villancicos alemanes para ni\u00f1os y principiantes \u00b7 5 fichas de trabajo con ilustraciones, textos didactizados<\/a><\/li><li><a href=\"https:\/\/reflejarte.es\/DeutschamStrand\/es\/online-uebung-zu-wechselpraepositionen-a2_preposiciones-variables-ejercicio-interactivo-nivel-a2\/\">Vacaciones y actividades de ocio \u00b7 Ejercicio online de preposiciones variables (nivel A2)<\/a><\/li><li><a href=\"https:\/\/reflejarte.es\/DeutschamStrand\/es\/faltbuchlein-weihnachtslieder-mit-bildern_librito-plegable-6-villancicos-alemanes-ilustrados\/\">Librito con 6 villancicos alemanes ilustrados, para imprimir en A4 y cantar en clase<\/a><\/li><\/ul>\n","protected":false},"excerpt":{"rendered":"<p>Canciones de invierno y villancicos alemanes para principiantes y edad preescolar (A1) Winterlieder und Weihnachtslieder Hojas de trabajo: Canciones de Navidad \/villancicos alemanes en im\u00e1genes Aqu\u00ed te ofrecemos las letras de 5 entra\u00f1ables villancicos alemanes, muy conocidos (algunos ligeramente adaptados a las necesidades did\u00e1cticas del nivel A1): &nbsp; Laterne, Laterne&#8230;<\/p>\n<p> <a class=\"continue-reading-link\" href=\"https:\/\/reflejarte.es\/DeutschamStrand\/es\/arbeitsblatt-weihnachtslieder-fuer-kinder-villancicos-alemanes\/\"><span>seguir leyendo &#8230;<\/span><i class=\"crycon-right-dir\"><\/i><\/a> <\/p>\n","protected":false},"author":4,"featured_media":120,"comment_status":"open","ping_status":"closed","sticky":false,"template":"","format":"standard","meta":{"footnotes":""},"categories":[311,325,331,382,378,335,359,379,386,328,456,332,329,327,344,315,385,403,372],"tags":[312,350,383,377,380,384,336,387,343,428,525,338,491,432,455],"class_list":["post-1181","post","type-post","status-publish","format-standard","has-post-thumbnail","hentry","category-a1","category-erwachsene_adultos","category-lernen-deutsch_aprender-aleman","category-lieder-deutsch_canciones-en-aleman","category-didaktisches-kinderlied-cancion-infantil-didactica","category-landeskunde-deutsch_civilizacion-geografia-alemana","category-lehren_ensenar-aleman","category-erklaerung_explicacion","category-arbeitsblatt_ficha-de-trabajo","category-jugendliche_jovenes-adolescentes","category-bewegungsspiel_juegos-dinamicos","category-bildmaterial_material-grafico","category-vorschule_jardin-infancia_escuela-infantil","category-grundschule_escuela-basica","category-aussprache-deutsch_pronunciacion-aleman","category-alle-alter_todas-las-edades","category-transkription","category-didaktische-hinweise_consejos-didacticos","category-vokabular-deutsch_vocabulario-aleman","tag-a1","tag-deutschland_alemania","tag-lied_cancion-alemana","tag-didaktische-lieder-deutsch_canciones-didacticas-aleman","tag-kinderlieder-deutsch_canciones-infantiles-alemanas","tag-singen_cantar","tag-landeskunde-deutsch_informacion-sociocultural-aleman","tag-arbeitsblatt_ficha-de-trabajo","tag-winter_invierno","tag-bildmaterial-zum-ausdrucken_material-grafico-para-imprimir","tag-weihnachten_navidad","tag-schnee_nieve","tag-vorschule_escuela-infantil","tag-grundschulalter_primaria","tag-weihnachtslieder-deutsch_villancicos-alemanes"],"_links":{"self":[{"href":"https:\/\/reflejarte.es\/DeutschamStrand\/es\/wp-json\/wp\/v2\/posts\/1181","targetHints":{"allow":["GET"]}}],"collection":[{"href":"https:\/\/reflejarte.es\/DeutschamStrand\/es\/wp-json\/wp\/v2\/posts"}],"about":[{"href":"https:\/\/reflejarte.es\/DeutschamStrand\/es\/wp-json\/wp\/v2\/types\/post"}],"author":[{"embeddable":true,"href":"https:\/\/reflejarte.es\/DeutschamStrand\/es\/wp-json\/wp\/v2\/users\/4"}],"replies":[{"embeddable":true,"href":"https:\/\/reflejarte.es\/DeutschamStrand\/es\/wp-json\/wp\/v2\/comments?post=1181"}],"version-history":[{"count":0,"href":"https:\/\/reflejarte.es\/DeutschamStrand\/es\/wp-json\/wp\/v2\/posts\/1181\/revisions"}],"wp:featuredmedia":[{"embeddable":true,"href":"https:\/\/reflejarte.es\/DeutschamStrand\/es\/wp-json\/wp\/v2\/media\/120"}],"wp:attachment":[{"href":"https:\/\/reflejarte.es\/DeutschamStrand\/es\/wp-json\/wp\/v2\/media?parent=1181"}],"wp:term":[{"taxonomy":"category","embeddable":true,"href":"https:\/\/reflejarte.es\/DeutschamStrand\/es\/wp-json\/wp\/v2\/categories?post=1181"},{"taxonomy":"post_tag","embeddable":true,"href":"https:\/\/reflejarte.es\/DeutschamStrand\/es\/wp-json\/wp\/v2\/tags?post=1181"}],"curies":[{"name":"wp","href":"https:\/\/api.w.org\/{rel}","templated":true}]}}