{"id":2173,"date":"2020-01-25T13:22:45","date_gmt":"2020-01-25T12:22:45","guid":{"rendered":"https:\/\/reflejarte.es\/DeutschamStrand\/?p=2173"},"modified":"2023-10-28T23:35:42","modified_gmt":"2023-10-28T21:35:42","slug":"ratespiel-personen-beschreiben-farben-kleidung-quiz-describir-adjetivos-colores-vestimenta","status":"publish","type":"post","link":"https:\/\/reflejarte.es\/DeutschamStrand\/de\/ratespiel-personen-beschreiben-farben-kleidung-quiz-describir-adjetivos-colores-vestimenta\/","title":{"rendered":"Wer ist das? Personen beschreiben<br>Quizspiel zum \u00dcben von Farben und Kleidung A1 (+ Adjektivdeklination A2)"},"content":{"rendered":"<p><span style='color: #fd6300;position: relative; top: -25px; bottom: -45px;'>Letzte Aktualisierung: 28.10.2023<\/span><a href=\"https:\/\/reflejarte.es\/DeutschamStrand\/es\/ratespiel-personen-beschreiben-farben-kleidung-quiz-describir-adjetivos-colores-vestimenta\/\" target=\"_blank\" rel=\"noopener\"><img decoding=\"async\" class=\"wp-image-3997 size-full alignright lazyload\" title=\"leer la versi\u00f3n espa\u00f1ola, con explicaciones para no-nativos del alem\u00e1n\" data-src=\"https:\/\/reflejarte.es\/DeutschamStrand\/de\/wp-content\/uploads\/2023\/05\/auf-Spanisch-lesen.png\" alt=\"auf Spanisch lesen\" width=\"182\" height=\"31\" data-srcset=\"https:\/\/reflejarte.es\/DeutschamStrand\/de\/wp-content\/uploads\/2023\/05\/auf-Spanisch-lesen.png 182w, https:\/\/reflejarte.es\/DeutschamStrand\/de\/wp-content\/uploads\/2023\/05\/auf-Spanisch-lesen-150x26.png 150w\" data-sizes=\"(max-width: 182px) 100vw, 182px\" src=\"data:image\/svg+xml;base64,PHN2ZyB3aWR0aD0iMSIgaGVpZ2h0PSIxIiB4bWxucz0iaHR0cDovL3d3dy53My5vcmcvMjAwMC9zdmciPjwvc3ZnPg==\" style=\"--smush-placeholder-width: 182px; --smush-placeholder-aspect-ratio: 182\/31;\" \/><\/a><\/p>\n<h1><\/h1>\n<h1 style=\"text-align: center;\"><strong>Wer ist das?<br \/>\nPersonen beschreiben<br \/>\n<\/strong><\/h1>\n<h3 style=\"text-align: center;\">Ein Ratespiel mit Adjektiven, Farben, Kleidung, Zahlen<\/h3>\n<p style=\"text-align: center;\"><img decoding=\"async\" class=\"wp-image-157 lazyload\" title=\"der Junge, die Jungen\" data-src=\"https:\/\/reflejarte.es\/DeutschamStrand\/de\/wp-content\/uploads\/2012\/11\/j-tsh-jack-kuhos-str-sch8-copia.gif?w=120\" alt=\"der Junge, die Jungen\" width=\"32\" height=\"41\" src=\"data:image\/svg+xml;base64,PHN2ZyB3aWR0aD0iMSIgaGVpZ2h0PSIxIiB4bWxucz0iaHR0cDovL3d3dy53My5vcmcvMjAwMC9zdmciPjwvc3ZnPg==\" style=\"--smush-placeholder-width: 32px; --smush-placeholder-aspect-ratio: 32\/41;\" \/> \u00a0\u00a0 \u00a0\u00a0<strong> Didaktische<\/strong>\u00a0 \u00a0\u00a0 <img decoding=\"async\" class=\"alignnone lazyload\" title=\"der Junge, die Jungen\" data-src=\"https:\/\/reflejarte.es\/DeutschamStrand\/de\/wp-content\/uploads\/2012\/11\/j-tsh-jack-kuhos-str-sch8-copia.gif?w=120\" alt=\"der Junge, die Jungen\" width=\"32\" height=\"41\" src=\"data:image\/svg+xml;base64,PHN2ZyB3aWR0aD0iMSIgaGVpZ2h0PSIxIiB4bWxucz0iaHR0cDovL3d3dy53My5vcmcvMjAwMC9zdmciPjwvc3ZnPg==\" style=\"--smush-placeholder-width: 32px; --smush-placeholder-aspect-ratio: 32\/41;\" \/> \u00a0 <strong>Hinweise<\/strong>\u00a0\u00a0\u00a0\u00a0\u00a0\u00a0\u00a0 <img decoding=\"async\" class=\"alignnone lazyload\" title=\"der Junge, die Jungen\" data-src=\"https:\/\/reflejarte.es\/DeutschamStrand\/de\/wp-content\/uploads\/2012\/11\/j-tsh-jack-kuhos-str-sch8-copia.gif?w=120\" alt=\"der Junge, die Jungen\" width=\"32\" height=\"41\" src=\"data:image\/svg+xml;base64,PHN2ZyB3aWR0aD0iMSIgaGVpZ2h0PSIxIiB4bWxucz0iaHR0cDovL3d3dy53My5vcmcvMjAwMC9zdmciPjwvc3ZnPg==\" style=\"--smush-placeholder-width: 32px; --smush-placeholder-aspect-ratio: 32\/41;\" \/><\/p>\n<p>&nbsp;<\/p>\n<p>In der einfachen Spielvariante\u00a0 werden die Adjektive nicht dekliniert, deshalb ist es auch f\u00fcr <strong>Anf\u00e4nger<\/strong> <strong>\/A1<\/strong> geeignet, um Farben, Zahlen und Kleidungsst\u00fccke zu \u00fcben. Zum Spielen wird der unter dem Bild aufgef\u00fchrte Dialog benutzt.<\/p>\n<p><strong>Fortgeschrittene<\/strong> k\u00f6nnen das Material zus\u00e4tzlich zum <strong>\u00dcben der Adjektivdeklination<\/strong> benutzen:<br \/>\n&#8222;Wer tr\u00e4gt lange, gr\u00fcne Hosen und gelbe Schuhe?&#8220;<\/p>\n<p>&nbsp;<\/p>\n<p><a href=\"https:\/\/reflejarte.es\/DeutschamStrand\/de\/wp-content\/uploads\/2012\/11\/ratespiel-farbenkleidungzahlen-comunicarte.gif\"><img decoding=\"async\" class=\"wp-image-154 size-full aligncenter lazyload\" title=\"Ratespiel: Wer ist das? Farben und Kleidung beschreiben\" data-src=\"https:\/\/reflejarte.es\/DeutschamStrand\/de\/wp-content\/uploads\/2012\/11\/ratespiel-farbenkleidungzahlen-comunicarte.gif\" alt=\"Ratespiel: Wer ist das? Farben und Kleidung beschreiben\" width=\"595\" height=\"842\" src=\"data:image\/svg+xml;base64,PHN2ZyB3aWR0aD0iMSIgaGVpZ2h0PSIxIiB4bWxucz0iaHR0cDovL3d3dy53My5vcmcvMjAwMC9zdmciPjwvc3ZnPg==\" style=\"--smush-placeholder-width: 595px; --smush-placeholder-aspect-ratio: 595\/842;\" \/><\/a><\/p>\n<p>&nbsp;<\/p>\n<p>Spieler A beschreibt ein Kind. Die anderen Spieler raten.<\/p>\n<p>Spieler A:<br \/>\n&#8222;Die Jacke ist gelb&#8220;.<\/p>\n<p>Spieler B:<br \/>\n&#8222;Das ist Kind Nummer 1!!!!&#8220;<\/p>\n<p>Spieler A:<br \/>\n&#8222;Nein. Das ist falsch. Der Pulli ist rot&#8230;.&#8220;<br \/>\n&#8222;Die Hose ist lang&#8230;.&#8220;<\/p>\n<p>Spieler C:<br \/>\n&#8222;Das ist Kind Nummer 8!&#8220;<\/p>\n<p>Spieler A:<br \/>\n&#8222;Nein, das stimmt nicht. Die Haare sind lang&#8230;&#8220;<br \/>\n&#8222;Und die Schuhe sind wei\u00df. Wer ist das?&#8220;<\/p>\n<p>Spieler D: &#8222;Das ist Kind Nummer 3 !!!!&#8220;<\/p>\n<p>Spieler A: &#8222;Ja, das ist richtig!!! Du bist dran.&#8220;<\/p>\n<hr \/>\n<hr \/>\n<ul class=\"lcp_catlist\" id=\"lcp_instance_0\"><li><a href=\"https:\/\/reflejarte.es\/DeutschamStrand\/de\/anfaengerlied-das-ist-gross-und-das-ist-klein\/\">Dynamisches Anf\u00e4ngerlied mit Gesten, Bildern + Aktivit\u00e4ten &#8222;Das ist gro\u00df und das ist klein&#8220;<\/a><\/li><li><a href=\"https:\/\/reflejarte.es\/DeutschamStrand\/de\/das-woerterspiel\/\">Das W\u00f6rterspiel \u00b7 Ein Brettspiel mit vielen Einsatzm\u00f6glichkeiten<\/a><\/li><li class=\"current\"><a href=\"https:\/\/reflejarte.es\/DeutschamStrand\/de\/ratespiel-personen-beschreiben-farben-kleidung-quiz-describir-adjetivos-colores-vestimenta\/\">Wer ist das? Personen beschreiben<br>Quizspiel zum \u00dcben von Farben und Kleidung A1 (+ Adjektivdeklination A2)<\/a><\/li><li><a href=\"https:\/\/reflejarte.es\/DeutschamStrand\/de\/personenbeschreibung-lueckentext-uebung-a1-ejercicio-interactivo-partes-cuerpo-adjetivos-en-aleman\/\">Leute beschreiben: K\u00f6rperteile und Adjektive \u00b7 interaktive L\u00fcckentext-\u00dcbung, A1<\/a><\/li><li><a href=\"https:\/\/reflejarte.es\/DeutschamStrand\/de\/wer-ist-das-personenraten-%c2%b7-interaktiver-quiz-a1\/\">Wer ist das? Personenraten \u00b7 interaktives Quiz, A1<\/a><\/li><\/ul>\n","protected":false},"excerpt":{"rendered":"<p>Wer ist das? Personen beschreiben Ein Ratespiel mit Adjektiven, Farben, Kleidung, Zahlen \u00a0\u00a0 \u00a0\u00a0 Didaktische\u00a0 \u00a0\u00a0 \u00a0 Hinweise\u00a0\u00a0\u00a0\u00a0\u00a0\u00a0\u00a0 &nbsp; In der einfachen Spielvariante\u00a0 werden die Adjektive nicht dekliniert, deshalb ist es auch f\u00fcr Anf\u00e4nger \/A1 geeignet, um Farben, Zahlen und Kleidungsst\u00fccke zu \u00fcben. Zum Spielen wird der unter dem Bild&#8230;<\/p>\n<p> <a class=\"continue-reading-link\" href=\"https:\/\/reflejarte.es\/DeutschamStrand\/de\/ratespiel-personen-beschreiben-farben-kleidung-quiz-describir-adjetivos-colores-vestimenta\/\"><span>weiterlesen &#8230;<\/span><i class=\"crycon-right-dir\"><\/i><\/a> <\/p>\n","protected":false},"author":1,"featured_media":2263,"comment_status":"closed","ping_status":"closed","sticky":false,"template":"","format":"standard","meta":{"footnotes":""},"categories":[55,56,90,184,92,172,138,88,89,110,174,173,99,80,4,15],"tags":[64,65,282,217,114,75,310,311,41,106,18,255],"class_list":["post-2173","post","type-post","status-publish","format-standard","has-post-thumbnail","hentry","category-a1","category-a2","category-alle-alter_todas-las-edades","category-arbeitsblatt_ficha-de-trabajo","category-bildmaterial_material-grafico","category-didaktische-hinweise_consejos-didacticos","category-erwachsene_adultos","category-grundschule_escuela-basica","category-jugendliche_jovenes-adolescentes","category-lehren_ensenar-aleman","category-quiz","category-ratespiel_juego-adivinanza-aleman","category-strukturen-deutsch_estructuras-del-aleman","category-alltag_rutina-diaria","category-uebung-deutsch_ejercicio-aleman","category-vokabular-deutsch_vocabulario-aleman","tag-a1","tag-a2","tag-adjektiv_adjetivo","tag-arbeitsblatt_ficha-de-trabajo","tag-deklination-deutsch_declinacion-aleman","tag-dialog_dialogos","tag-farben_colores","tag-kleidung-vestimenta","tag-ratespiel_quiz","tag-strukturen-festigen-deutsch_practicar-estructuras-aleman","tag-uebung_ejercicio-aleman","tag-zahlen_numeros"],"_links":{"self":[{"href":"https:\/\/reflejarte.es\/DeutschamStrand\/de\/wp-json\/wp\/v2\/posts\/2173","targetHints":{"allow":["GET"]}}],"collection":[{"href":"https:\/\/reflejarte.es\/DeutschamStrand\/de\/wp-json\/wp\/v2\/posts"}],"about":[{"href":"https:\/\/reflejarte.es\/DeutschamStrand\/de\/wp-json\/wp\/v2\/types\/post"}],"author":[{"embeddable":true,"href":"https:\/\/reflejarte.es\/DeutschamStrand\/de\/wp-json\/wp\/v2\/users\/1"}],"replies":[{"embeddable":true,"href":"https:\/\/reflejarte.es\/DeutschamStrand\/de\/wp-json\/wp\/v2\/comments?post=2173"}],"version-history":[{"count":15,"href":"https:\/\/reflejarte.es\/DeutschamStrand\/de\/wp-json\/wp\/v2\/posts\/2173\/revisions"}],"predecessor-version":[{"id":4390,"href":"https:\/\/reflejarte.es\/DeutschamStrand\/de\/wp-json\/wp\/v2\/posts\/2173\/revisions\/4390"}],"wp:featuredmedia":[{"embeddable":true,"href":"https:\/\/reflejarte.es\/DeutschamStrand\/de\/wp-json\/wp\/v2\/media\/2263"}],"wp:attachment":[{"href":"https:\/\/reflejarte.es\/DeutschamStrand\/de\/wp-json\/wp\/v2\/media?parent=2173"}],"wp:term":[{"taxonomy":"category","embeddable":true,"href":"https:\/\/reflejarte.es\/DeutschamStrand\/de\/wp-json\/wp\/v2\/categories?post=2173"},{"taxonomy":"post_tag","embeddable":true,"href":"https:\/\/reflejarte.es\/DeutschamStrand\/de\/wp-json\/wp\/v2\/tags?post=2173"}],"curies":[{"name":"wp","href":"https:\/\/api.w.org\/{rel}","templated":true}]}}